{"id":2306,"date":"2025-03-02T18:17:41","date_gmt":"2025-03-02T18:17:41","guid":{"rendered":"https:\/\/www.reveeveille.net\/candelhospitalet\/?p=2306"},"modified":"2025-03-02T18:35:16","modified_gmt":"2025-03-02T18:35:16","slug":"les-cazelles-de-la-can-de-lhospitalet","status":"publish","type":"post","link":"https:\/\/www.reveeveille.net\/candelhospitalet\/les-cazelles-de-la-can-de-lhospitalet\/","title":{"rendered":"Les cazelles de la can de l&rsquo;Hospitalet"},"content":{"rendered":"\n<p>Les cazelles sont des abris que les bergers se sont am\u00e9nag\u00e9s pour se prot\u00e9ger des intemp\u00e9ries et du soleil, dans les endroits o\u00f9 ils avaient besoin de passer du temps pour surveiller leurs troupeaux. Il s&rsquo;agit d&rsquo;abris de tr\u00e8s petite taille, g\u00e9n\u00e9ralement de quoi loger une personne assise, voire allong\u00e9e.<\/p>\n\n\n<div class=\"wp-block-image\">\n<figure class=\"aligncenter\"><img decoding=\"async\" src=\"http:\/\/www.reveeveille.net\/photos\/2024\/1014_can_de_balazuegne\/20241014_can_de_balazuegne_04.jpg\" alt=\"\"\/><figcaption class=\"wp-element-caption\">Une jolie cazelle sous un arbre de la can de Balazu\u00e8gne<\/figcaption><\/figure>\n<\/div>\n\n\n<p>Il existe une grande vari\u00e9t\u00e9 de formes de cazelles, construites au plus pr\u00e8s des possibilit\u00e9s locales. Elles sont quasiment toutes en pierre s\u00e8che. Soit il s&rsquo;agit d&rsquo;une construction \u00e0 part enti\u00e8re, dans ce cas les pierres sont empil\u00e9es pour construire des murs sommaires, puis les murs se rejoignent peu \u00e0 peu pour former une sorte de voute. Il arrive \u00e9galement que les cazelles soient \u00ab\u00a0enfouies\u00a0\u00bb dans des clapas, ou dans des bancels. Lorsque le terrain le permet, elles peuvent \u00e9galement exploiter une forme naturelle de rocher (fissure, avanc\u00e9e&#8230;) que le berger s&rsquo;est content\u00e9 d&rsquo;am\u00e9nager.<\/p>\n\n\n<div class=\"wp-block-image\">\n<figure class=\"aligncenter\"><img decoding=\"async\" src=\"http:\/\/www.reveeveille.net\/photos\/2010\/0414_au_dessus_des_cabanes\/20100414_au_dessus_des_cabanes_06.jpg\" alt=\"\"\/><figcaption class=\"wp-element-caption\">Un abri de berger tr\u00e8s simple : des dalles pos\u00e9es sur une fissure du schiste<\/figcaption><\/figure>\n<\/div>\n\n\n<p>Il existe des dizaines, et peut-\u00eatre des centaines de cazelles sur les cans&#8230; Certaines sont dans un tr\u00e8s bel \u00e9tat, d&rsquo;autres compl\u00e8tement \u00e9croul\u00e9es. Certaines semblent tr\u00e8s anciennes (plusieurs si\u00e8cles ? Plus encore ?), d&rsquo;autres sont plus r\u00e9centes. A ma connaissance il n&rsquo;y a pas eu d&rsquo;\u00e9tude d\u00e9taill\u00e9e de cet \u00e9l\u00e9ment de petit patrimoine sur la can, mais voil\u00e0 un sujet \u00e0 creuser !<\/p>\n\n\n\n<div class=\"wp-block-columns is-layout-flex wp-container-core-columns-is-layout-9d6595d7 wp-block-columns-is-layout-flex\">\n<div class=\"wp-block-column is-layout-flow wp-block-column-is-layout-flow\"><div class=\"wp-block-image\">\n<figure class=\"aligncenter\"><img decoding=\"async\" src=\"http:\/\/www.reveeveille.net\/photos\/2023\/0108_can_de_tardo_borie_giral\/20230108_can_de_tardo_borie_giral_03.jpg\" alt=\"\"\/><figcaption class=\"wp-element-caption\">L&rsquo;entr\u00e9e<\/figcaption><\/figure>\n<\/div><\/div>\n\n\n\n<div class=\"wp-block-column is-layout-flow wp-block-column-is-layout-flow\"><div class=\"wp-block-image\">\n<figure class=\"aligncenter\"><img decoding=\"async\" src=\"http:\/\/www.reveeveille.net\/photos\/2023\/0108_can_de_tardo_borie_giral\/20230108_can_de_tardo_borie_giral_09.jpg\" alt=\"\"\/><figcaption class=\"wp-element-caption\">D\u00e9tail du plafond<\/figcaption><\/figure>\n<\/div><\/div>\n<\/div>\n\n\n<div class=\"wp-block-image\">\n<figure class=\"aligncenter\"><img decoding=\"async\" src=\"http:\/\/www.reveeveille.net\/photos\/2006\/0618_baume_de_giral\/20060618_baume_de_giral_interieur_cazelle.jpg\" alt=\"\"\/><figcaption class=\"wp-element-caption\">Int\u00e9rieur de la <a href=\"https:\/\/www.reveeveille.net\/candelhospitalet\/cazelle-de-giral\/\" data-type=\"post\" data-id=\"3290\">cazelle de Giral<\/a><\/figcaption><\/figure>\n<\/div>\n\n\n<iframe loading=\"lazy\" src=\"https:\/\/www.reveeveille.net\/geoportail\/cartepublique.aspx?idrubric=78\" width=\"100%\" height=\"400\"><\/iframe>\n","protected":false},"excerpt":{"rendered":"<p>Les cazelles sont des abris que les bergers se sont am\u00e9nag\u00e9s pour se prot\u00e9ger des intemp\u00e9ries et du soleil, dans les endroits o\u00f9 ils avaient besoin de passer du temps&hellip; <\/p>\n","protected":false},"author":3,"featured_media":2307,"comment_status":"open","ping_status":"open","sticky":false,"template":"","format":"standard","meta":{"_monsterinsights_skip_tracking":false,"_monsterinsights_sitenote_active":false,"_monsterinsights_sitenote_note":"","_monsterinsights_sitenote_category":0,"footnotes":""},"categories":[100],"tags":[],"class_list":["post-2306","post","type-post","status-publish","format-standard","has-post-thumbnail","hentry","category-petit-patrimoine"],"_links":{"self":[{"href":"https:\/\/www.reveeveille.net\/candelhospitalet\/wp-json\/wp\/v2\/posts\/2306","targetHints":{"allow":["GET"]}}],"collection":[{"href":"https:\/\/www.reveeveille.net\/candelhospitalet\/wp-json\/wp\/v2\/posts"}],"about":[{"href":"https:\/\/www.reveeveille.net\/candelhospitalet\/wp-json\/wp\/v2\/types\/post"}],"author":[{"embeddable":true,"href":"https:\/\/www.reveeveille.net\/candelhospitalet\/wp-json\/wp\/v2\/users\/3"}],"replies":[{"embeddable":true,"href":"https:\/\/www.reveeveille.net\/candelhospitalet\/wp-json\/wp\/v2\/comments?post=2306"}],"version-history":[{"count":5,"href":"https:\/\/www.reveeveille.net\/candelhospitalet\/wp-json\/wp\/v2\/posts\/2306\/revisions"}],"predecessor-version":[{"id":4190,"href":"https:\/\/www.reveeveille.net\/candelhospitalet\/wp-json\/wp\/v2\/posts\/2306\/revisions\/4190"}],"wp:featuredmedia":[{"embeddable":true,"href":"https:\/\/www.reveeveille.net\/candelhospitalet\/wp-json\/wp\/v2\/media\/2307"}],"wp:attachment":[{"href":"https:\/\/www.reveeveille.net\/candelhospitalet\/wp-json\/wp\/v2\/media?parent=2306"}],"wp:term":[{"taxonomy":"category","embeddable":true,"href":"https:\/\/www.reveeveille.net\/candelhospitalet\/wp-json\/wp\/v2\/categories?post=2306"},{"taxonomy":"post_tag","embeddable":true,"href":"https:\/\/www.reveeveille.net\/candelhospitalet\/wp-json\/wp\/v2\/tags?post=2306"}],"curies":[{"name":"wp","href":"https:\/\/api.w.org\/{rel}","templated":true}]}}