{"id":2300,"date":"2025-03-02T18:22:51","date_gmt":"2025-03-02T18:22:51","guid":{"rendered":"https:\/\/www.reveeveille.net\/candelhospitalet\/?p=2300"},"modified":"2025-03-02T18:35:29","modified_gmt":"2025-03-02T18:35:29","slug":"les-clapas","status":"publish","type":"post","link":"https:\/\/www.reveeveille.net\/candelhospitalet\/les-clapas\/","title":{"rendered":"Les clapas"},"content":{"rendered":"\n<p>Les clapas sont des tas de pierres entass\u00e9es par les paysans pour d\u00e9barrasser de leurs cailloux les terrain environnants (en occitan, clap signifie \u00ab\u00a0pierre, caillou\u00a0\u00bb). Cela permet d&rsquo;am\u00e9liorer la qualit\u00e9 agricole des sols tr\u00e8s pierreux en augmentant le pourcentage de surface utile, et par cons\u00e9quent de pratiquer une agriculture un peu plus intensive. cette pratique \u00e9tait en g\u00e9n\u00e9ral r\u00e9serv\u00e9e aux zones de cultures c\u00e9r\u00e9ali\u00e8res.<\/p>\n\n\n<div class=\"wp-block-image\">\n<figure class=\"aligncenter\"><a href=\"https:\/\/www.reveeveille.net\/candelhospitalet\/la-can-de-ferriere\/\"><img decoding=\"async\" src=\"http:\/\/www.reveeveille.net\/photos\/2024\/1014_can_de_balazuegne\/20241014_can_de_balazuegne_05.jpg\" alt=\"\"\/><\/a><figcaption class=\"wp-element-caption\">Sur la can de Ferri\u00e8re<\/figcaption><\/figure>\n<\/div>\n\n\n<p>Il est difficile de dater avec pr\u00e9cision les clapas, car le travail qui a men\u00e9 \u00e0 leur apparition s&rsquo;est probablement \u00e9tal\u00e9 sur plusieurs g\u00e9n\u00e9ration, sans doute plusieurs dizaines voire plusieurs centaines. En effet, les agriculteurs d&rsquo;aujourd&rsquo;hui le savent bien : \u00ab\u00a0quand y en a plus y en a encore\u00a0\u00bb : une fois le terrain nettoy\u00e9 une premi\u00e8re fois, les pierres \u00ab\u00a0remontent\u00a0\u00bb d\u00e8s la saison suivante, en quantit\u00e9s certes plus faibles mais bien r\u00e9elles ! Ce ph\u00e9nom\u00e8ne s&rsquo;explique tout simplement par le fait que la roche sous-jacente, couverte par la terre v\u00e9g\u00e9tale, continue \u00e0 se d\u00e9grader, \u00e0 se briser, \u00e0 se fractionner, donnant naissance en permanence \u00e0 une grande quantit\u00e9 de d\u00e9bris de toutes tailles. Les plus fins s&rsquo;incorporent \u00e0 la mati\u00e8re organique pour constituer le sol, et les plus gros remontent effectivement \u00e0 la surface par un ph\u00e9nom\u00e8ne physique bien identifi\u00e9.<\/p>\n\n\n\n<p>La vie d&rsquo;un clapas t\u00e9moigne donc de la vie agricole d&rsquo;un pays : ils naissent, tout petits, lors des premi\u00e8res utilisations intensives des sols, puis grandissent au rythme des remont\u00e9es de pierres et des besoins d&rsquo;am\u00e9lioration&#8230; Peut-\u00eatre ce travail se faisait-il durant les moments perdus, en surveillant le troupeau, ou de mani\u00e8re collective et organis\u00e9e, en gigantesques chantiers rassemblant tout le village ou la tribu pour d\u00e9pierrer rapidement une zone pr\u00e9d\u00e9termin\u00e9e&#8230;<\/p>\n\n\n<div class=\"wp-block-image\">\n<figure class=\"aligncenter\"><img decoding=\"async\" src=\"http:\/\/www.reveeveille.net\/photos\/2024\/1014_can_de_balazuegne\/20241014_can_de_balazuegne_03.jpg\" alt=\"\"\/><figcaption class=\"wp-element-caption\">Pierres et lichens<\/figcaption><\/figure>\n<\/div>\n\n\n<p>Les clapas anciens, \u00e9rig\u00e9s \u00e0 la main, sont toujours nus. Dans les derni\u00e8res d\u00e9cennies, la m\u00e9canisation des pratiques agricoles a permis aux paysans d&rsquo;utiliser des engins (bulldozers) pour agrandir leur surface agricole en nettoyant plus rapidement des nouveaux terrains.\u00a0 Mais ces machines grossi\u00e8res grattent une partie de la terre qui se retrouvent m\u00e9lang\u00e9e aux pierres, permettant \u00e0 la v\u00e9g\u00e9tation (de l&rsquo;herbe et des broussailles, dans un premier temps) de pousser sur ces clapas de nouvelle g\u00e9n\u00e9ration.<\/p>\n\n\n<div class=\"wp-block-image\">\n<figure class=\"aligncenter\"><img decoding=\"async\" src=\"http:\/\/www.reveeveille.net\/photos\/2004\/1210_can_tardo\/20041210_can_tardo_penseur_de_pierre.jpg\" alt=\"\"\/><figcaption class=\"wp-element-caption\">\u00ab\u00a0Le penseur de pierre\u00a0\u00bb (d\u00e9tail d&rsquo;un clapas au couchant sur la can d&rsquo;Artigue)<\/figcaption><\/figure>\n<\/div>\n\n\n<p>Sur la can, la densit\u00e9 des clapas varie consid\u00e9rablement d&rsquo;un endroit \u00e0 l&rsquo;autre. Les fonds de dolines, aux sols \u00e9pais (comme par exemple la plaine de <a href=\"https:\/\/www.reveeveille.net\/candelhospitalet\/?p=2212\">Montgros<\/a>), en sont totalement d\u00e9pourvus pour ne pas grignoter ces surfaces de grande valeur agricole. De m\u00eame mais pour une toute autre raison, les zones \u00e0 sols trop rachitique en sont \u00e9galement d\u00e9pourvus, car aucun \u00e9pierrage ne pourrait faire advenir un sol suffisamment riche.<\/p>\n\n\n\n<p>Les clapas sont abondants dans les zones interm\u00e9diaires, qui pr\u00e9sentent des sols m\u00e9langeant terre et pierre.<\/p>\n\n\n\n<p>Assez souvent, les clapas sont des lieux qui int\u00e9ressent les g\u00e9ologues, les arch\u00e9ologues ou les pal\u00e9ontologues car ils offrent l&rsquo;avantage de condenser en un lieu de taille restreinte des cailloux provenant d&rsquo;une zone g\u00e9ographique large, et surtout cumulant plusieurs d\u00e9cennies, si\u00e8cles ou mill\u00e9naires de pierres entass\u00e9es. Ils constituent donc un r\u00e9sum\u00e9 du lieu au travers du temps. Dans les clapas de la can, on peut trouver une grande diversit\u00e9 de roches, comme diverses sortes de calcaires, des gr\u00e8s, des chailles&#8230; Mais \u00e9galement assez souvent des <a href=\"https:\/\/www.reveeveille.net\/candelhospitalet\/?p=2277\">fossiles<\/a> de diverses sortes, et parfois des d\u00e9bris d&rsquo;objets humains (tessons, tuiles&#8230;). Dans le meilleur des cas certains clapas peuvent \u00eatre eux m\u00eame des objets arch\u00e9ologiques : ce ne sont alors pas des clapas mais des <a href=\"https:\/\/www.reveeveille.net\/candelhospitalet\/?p=1216\">tumuli<\/a> (tombes de l&rsquo;\u00e2ge du fer) ou des vestiges de murs de pierre s\u00e8che de la m\u00eame \u00e9poque, comme au cap barr\u00e9 du <a href=\"https:\/\/www.reveeveille.net\/candelhospitalet\/?p=707\">Causset<\/a>.<\/p>\n\n\n\n<p>Sur un clapas il fait bon profiter du soleil dont la chaleur, renvoy\u00e9e par la roche, permet de s&rsquo;attarder par des fins de journ\u00e9es d&rsquo;automne, et d&rsquo;\u00e9tudier \u00e0 loisir en r\u00eavassant toutes les merveilles qu&rsquo;il rec\u00e8le.<\/p>\n\n\n<div class=\"wp-block-image\">\n<figure class=\"aligncenter\"><img decoding=\"async\" src=\"http:\/\/www.reveeveille.net\/photos\/2006\/0430_moine_qui_pisse\/20060430_moine_qui_pisse_clapas_avec_parements.jpg\" alt=\"\"\/><figcaption class=\"wp-element-caption\">Un clapas \u00e0 parements, pour occuper une emprise au sol plus r\u00e9duite\u2026 (bordure est du causse M\u00e9jean)<\/figcaption><\/figure>\n<\/div>\n\n\n<h3 class=\"wp-block-heading\">Sur la can<\/h3>\n\n\n\n<p>Voici quelques lieux o\u00f9 voir des clapas particuli\u00e8rement int\u00e9ressants :<\/p>\n\n\n\n<ul class=\"wp-block-list\">\n<li>La plus grande concentration de clapas est \u00e0 ma connaissance atteinte sur la <a href=\"https:\/\/www.reveeveille.net\/candelhospitalet\/?p=1725\">can d&rsquo;Artigue<\/a> : par endroits ils occupent pr\u00e8s d&rsquo;un tiers de la surface du sol !<\/li>\n\n\n\n<li>Sur la <a href=\"https:\/\/www.reveeveille.net\/candelhospitalet\/?p=1737\">c\u00f4te 1034<\/a> de la can de Saint Laurent de Tr\u00e8ves, les clapas ont \u00e9t\u00e9 \u00e9rig\u00e9s sur des affleurement rocheux appel\u00e9s \u00ab\u00a0lapiaz\u00a0\u00bb, leur donnant des formes \u00e9tonnantes et \u00e9vocatrices&#8230;<\/li>\n\n\n\n<li>Vous trouverez des clapas \u00e0 fossiles en de nombreux endroits, comme par exemple\u00a0 sur la can de Balazu\u00e8gne, aux environs de la bergerie situ\u00e9e \u00e0 environs 300 m\u00e8tres au sud du point c\u00f4t\u00e9 982.<\/li>\n\n\n\n<li>Clapas \u00e0 tuiles gallo-romaines dans les alentours du tumulus du <a href=\"https:\/\/www.reveeveille.net\/candelhospitalet\/?p=1710\">col de vache<\/a><\/li>\n<\/ul>\n\n\n\n<div class=\"wp-block-columns is-layout-flex wp-container-core-columns-is-layout-9d6595d7 wp-block-columns-is-layout-flex\">\n<div class=\"wp-block-column is-layout-flow wp-block-column-is-layout-flow\"><div class=\"wp-block-image\">\n<figure class=\"aligncenter\"><img decoding=\"async\" src=\"http:\/\/www.reveeveille.net\/photos\/2007\/0119_can_artigues\/20070119_can_artigues_cloture_sur_clapas.jpg\" alt=\"\"\/><figcaption class=\"wp-element-caption\">Certains clapas sont si gros que les cl\u00f4tures ne prennent m\u00eame pas la peine de les traverser, elles les escaladent ! (can d&rsquo;Artigue)<\/figcaption><\/figure>\n<\/div><\/div>\n\n\n\n<div class=\"wp-block-column is-layout-flow wp-block-column-is-layout-flow\">\n<figure class=\"wp-block-image\"><img decoding=\"async\" src=\"http:\/\/www.reveeveille.net\/photos\/2006\/0504_can_ferriere_balazuegne\/20060504_can_ferriere_balazuegne_clapas_arbre.jpg\" alt=\"\"\/><figcaption class=\"wp-element-caption\">Un magnifique clapas sur la can de Balazu\u00e8gne<\/figcaption><\/figure>\n<\/div>\n<\/div>\n\n\n\n<iframe loading=\"lazy\" src=\"https:\/\/www.reveeveille.net\/geoportail\/cartepublique.aspx?idrubric=149\" width=\"100%\" height=\"400\"><\/iframe>\n","protected":false},"excerpt":{"rendered":"<p>Les clapas sont des tas de pierres entass\u00e9es par les paysans pour d\u00e9barrasser de leurs cailloux les terrain environnants (en occitan, clap signifie \u00ab\u00a0pierre, caillou\u00a0\u00bb). Cela permet d&rsquo;am\u00e9liorer la qualit\u00e9&hellip; <\/p>\n","protected":false},"author":3,"featured_media":2301,"comment_status":"open","ping_status":"open","sticky":false,"template":"","format":"standard","meta":{"_monsterinsights_skip_tracking":false,"_monsterinsights_sitenote_active":false,"_monsterinsights_sitenote_note":"","_monsterinsights_sitenote_category":0,"footnotes":""},"categories":[83],"tags":[],"class_list":["post-2300","post","type-post","status-publish","format-standard","has-post-thumbnail","hentry","category-agriculture-elevage"],"_links":{"self":[{"href":"https:\/\/www.reveeveille.net\/candelhospitalet\/wp-json\/wp\/v2\/posts\/2300","targetHints":{"allow":["GET"]}}],"collection":[{"href":"https:\/\/www.reveeveille.net\/candelhospitalet\/wp-json\/wp\/v2\/posts"}],"about":[{"href":"https:\/\/www.reveeveille.net\/candelhospitalet\/wp-json\/wp\/v2\/types\/post"}],"author":[{"embeddable":true,"href":"https:\/\/www.reveeveille.net\/candelhospitalet\/wp-json\/wp\/v2\/users\/3"}],"replies":[{"embeddable":true,"href":"https:\/\/www.reveeveille.net\/candelhospitalet\/wp-json\/wp\/v2\/comments?post=2300"}],"version-history":[{"count":5,"href":"https:\/\/www.reveeveille.net\/candelhospitalet\/wp-json\/wp\/v2\/posts\/2300\/revisions"}],"predecessor-version":[{"id":4195,"href":"https:\/\/www.reveeveille.net\/candelhospitalet\/wp-json\/wp\/v2\/posts\/2300\/revisions\/4195"}],"wp:featuredmedia":[{"embeddable":true,"href":"https:\/\/www.reveeveille.net\/candelhospitalet\/wp-json\/wp\/v2\/media\/2301"}],"wp:attachment":[{"href":"https:\/\/www.reveeveille.net\/candelhospitalet\/wp-json\/wp\/v2\/media?parent=2300"}],"wp:term":[{"taxonomy":"category","embeddable":true,"href":"https:\/\/www.reveeveille.net\/candelhospitalet\/wp-json\/wp\/v2\/categories?post=2300"},{"taxonomy":"post_tag","embeddable":true,"href":"https:\/\/www.reveeveille.net\/candelhospitalet\/wp-json\/wp\/v2\/tags?post=2300"}],"curies":[{"name":"wp","href":"https:\/\/api.w.org\/{rel}","templated":true}]}}