{"id":2249,"date":"2022-10-01T15:52:04","date_gmt":"2022-10-01T15:52:04","guid":{"rendered":"https:\/\/www.reveeveille.net\/candelhospitalet\/?p=2249"},"modified":"2022-10-01T15:52:07","modified_gmt":"2022-10-01T15:52:07","slug":"balzac-terrain-de-parachutage-clandestin-en-1944","status":"publish","type":"post","link":"https:\/\/www.reveeveille.net\/candelhospitalet\/balzac-terrain-de-parachutage-clandestin-en-1944\/","title":{"rendered":"Balzac, terrain de parachutage clandestin en 1944"},"content":{"rendered":"\n<p>\u00ab\u00a0Balzac\u00a0\u00bb \u00e9tait l&rsquo;un des 3 terrains de <a href=\"https:\/\/www.reveeveille.net\/candelhospitalet\/?p=2417\">parachutage<\/a> homologu\u00e9s par les instances de la r\u00e9sistance durant la seconde guerre mondiale sur ou \u00e0 proximit\u00e9 imm\u00e9diate de la can de l&rsquo;Hospitalet. Pour autant que j&rsquo;interpr\u00e8te correctement les informations g\u00e9ographiques en ma possession (<a href=\"https:\/\/www.reveeveille.net\/candelhospitalet\/?page_id=2627\">mmc<\/a> p. 211), il \u00e9tait situ\u00e9 au lieu-dit \u00ab\u00a0<a href=\"https:\/\/www.reveeveille.net\/candelhospitalet\/?p=2255\">Le Dev\u00e8s<\/a>\u00ab\u00a0, le long de l&rsquo;actuelle route D9 (corniche des C\u00e9vennes) \u00e0 peu de distance de la descente vers Le Pompidou. Il a \u00e9t\u00e9 homologu\u00e9 le 30 septembre 1943, et destin\u00e9 \u00e0 la r\u00e9ception d&rsquo;armes. La phrase convenue \u00e9tait&nbsp; \u00ab\u00a0Le plomb fond, le zinc r\u00e9siste\u00a0\u00bb, et \u00ab\u00a0Le cuivre est ramass\u00e9\u00a0\u00bb. Tout \u00e9tait en ordre pour l&rsquo;action, sauf que&#8230;<\/p>\n\n\n\n<p>\u00ab\u00a0Le premier soir de parachutage, apr\u00e8s r\u00e9ception du message correct, l&rsquo;\u00e9quipe de r\u00e9ception s&rsquo;y rend (\u00e0 priori, ce parachutage \u00e9tait \u00e0 destination des FTP selon <a href=\"https:\/\/www.reveeveille.net\/candelhospitalet\/?page_id=2627\">hrl<\/a>, pp 83, 193, 207, 209), mais s&rsquo;aper\u00e7oit qu&rsquo;un maquis (\u00e9quipe CFL de \u00ab\u00a0Mistral\u00a0\u00bb) veillait pour essayer de s&rsquo;approprier le mat\u00e9riel en encerclant les gens du SOAM&nbsp; Or le lieutenant \u00ab\u00a0Maurice\u00a0\u00bb voulait appliquer les ordres re\u00e7us : r\u00e9ceptionner et mettre en r\u00e9serve les armes avant toute distribution. Aussi ne fit-on pas le balisage, et l&rsquo;avion repartit avec son chargement\u00a0\u00bb (<a href=\"https:\/\/www.reveeveille.net\/candelhospitalet\/?page_id=2627\">mmc<\/a>, p. 211).<\/p>\n\n\n\n<p>Apr\u00e8s cette exp\u00e9rience malheureuse et pour \u00e9viter que cela ne se reproduise, le terrain Balzac est abandonn\u00e9 au profit de \u00ab\u00a0<a href=\"https:\/\/www.reveeveille.net\/candelhospitalet\/?p=2417\">Quincaille<\/a>\u00ab\u00a0, un peu plus au nord, en juin 1944. Je manque d&rsquo;information pour comprendre pourquoi les oppositions entre les diff\u00e9rents maquis locaux avaient moins de chance de se produire autour de Quincaille ?<\/p>\n\n\n\n<figure class=\"wp-block-image\"><img decoding=\"async\" src=\"http:\/\/www.reveeveille.net\/photos\/2006\/0120_can_neige\/20060120_can_neige_la_plane.jpg\" alt=\"\"\/><figcaption>Le site en hiver<\/figcaption><\/figure>\n\n\n\n<iframe loading=\"lazy\" src=\"https:\/\/www.reveeveille.net\/geoportail\/cartepublique.aspx?idecrit=154\" width=\"100%\" height=\"400\"><\/iframe>\n","protected":false},"excerpt":{"rendered":"<p>\u00ab\u00a0Balzac\u00a0\u00bb \u00e9tait l&rsquo;un des 3 terrains de parachutage homologu\u00e9s par les instances de la r\u00e9sistance durant la seconde guerre mondiale sur ou \u00e0 proximit\u00e9 imm\u00e9diate de la can de l&rsquo;Hospitalet.&hellip; <\/p>\n","protected":false},"author":3,"featured_media":2201,"comment_status":"open","ping_status":"open","sticky":false,"template":"","format":"standard","meta":{"_monsterinsights_skip_tracking":false,"_monsterinsights_sitenote_active":false,"_monsterinsights_sitenote_note":"","_monsterinsights_sitenote_category":0,"footnotes":""},"categories":[111],"tags":[44],"class_list":["post-2249","post","type-post","status-publish","format-standard","has-post-thumbnail","hentry","category-seconde-guerre-mondiale","tag-can-de-lhospitalet"],"_links":{"self":[{"href":"https:\/\/www.reveeveille.net\/candelhospitalet\/wp-json\/wp\/v2\/posts\/2249","targetHints":{"allow":["GET"]}}],"collection":[{"href":"https:\/\/www.reveeveille.net\/candelhospitalet\/wp-json\/wp\/v2\/posts"}],"about":[{"href":"https:\/\/www.reveeveille.net\/candelhospitalet\/wp-json\/wp\/v2\/types\/post"}],"author":[{"embeddable":true,"href":"https:\/\/www.reveeveille.net\/candelhospitalet\/wp-json\/wp\/v2\/users\/3"}],"replies":[{"embeddable":true,"href":"https:\/\/www.reveeveille.net\/candelhospitalet\/wp-json\/wp\/v2\/comments?post=2249"}],"version-history":[{"count":3,"href":"https:\/\/www.reveeveille.net\/candelhospitalet\/wp-json\/wp\/v2\/posts\/2249\/revisions"}],"predecessor-version":[{"id":3762,"href":"https:\/\/www.reveeveille.net\/candelhospitalet\/wp-json\/wp\/v2\/posts\/2249\/revisions\/3762"}],"wp:featuredmedia":[{"embeddable":true,"href":"https:\/\/www.reveeveille.net\/candelhospitalet\/wp-json\/wp\/v2\/media\/2201"}],"wp:attachment":[{"href":"https:\/\/www.reveeveille.net\/candelhospitalet\/wp-json\/wp\/v2\/media?parent=2249"}],"wp:term":[{"taxonomy":"category","embeddable":true,"href":"https:\/\/www.reveeveille.net\/candelhospitalet\/wp-json\/wp\/v2\/categories?post=2249"},{"taxonomy":"post_tag","embeddable":true,"href":"https:\/\/www.reveeveille.net\/candelhospitalet\/wp-json\/wp\/v2\/tags?post=2249"}],"curies":[{"name":"wp","href":"https:\/\/api.w.org\/{rel}","templated":true}]}}