{"id":2200,"date":"2022-10-01T15:36:54","date_gmt":"2022-10-01T15:36:54","guid":{"rendered":"https:\/\/www.reveeveille.net\/candelhospitalet\/?p=2200"},"modified":"2022-10-01T15:36:57","modified_gmt":"2022-10-01T15:36:57","slug":"le-rassemblement-des-males-dabeille-de-la-can-de-lhospitalet","status":"publish","type":"post","link":"https:\/\/www.reveeveille.net\/candelhospitalet\/le-rassemblement-des-males-dabeille-de-la-can-de-lhospitalet\/","title":{"rendered":"Le rassemblement des m\u00e2les d&rsquo;abeille de la can de l&rsquo;Hospitalet"},"content":{"rendered":"\n<p class=\"has-text-align-right\"><em>Photo : c<\/em>&lsquo;est \u00e0<em> peu pr\u00e8s l\u00e0&#8230; mais pas en cette saison !<\/em><\/p>\n\n\n\n<p>Fin juin. Une chaude apr\u00e8s-midi sur \u00ab\u00a0la plane\u00a0\u00bb, cette \u00e9tendue peu accident\u00e9e du centre de la can de l&rsquo;Hospitalet, envahie par les gen\u00eats. La chaleur fait monter du sol un air vibrant. C&rsquo;est le silence&#8230; et pourtant&#8230; il y a comme&#8230; un bruit, un vrombissement doux et lointain, qui semble provenir du fonds de l&rsquo;horizon. Un bruit d&rsquo;insecte. Pas un insecte isol\u00e9, mais un tr\u00e8s grand nombre. Ils sont dispers\u00e9s, \u00e0 l&rsquo;ombre des gen\u00eats, tous en train de faire la m\u00eame chose au m\u00eame moment : immobiles dans l&rsquo;air, en suspension sur leurs ailes, ils attendent. C&rsquo;est la somme des bruits de leurs milliers d&rsquo;ailes dispers\u00e9es qui produit ce fonds sonore.<\/p>\n\n\n\n<p>Ce sont des m\u00e2les d&rsquo;abeilles, des \u00ab\u00a0faux bourdons\u00a0\u00bb. Ils attendent&#8230;<\/p>\n\n\n\n<p>Pierre Jean Prost, sp\u00e9cialiste des abeilles, montre \u00e0 Hubert un jeu innocent. Il s&rsquo;agit de lancer un caillou en l&rsquo;air. Dans le tr\u00e8s court laps de temps qu&rsquo;il met \u00e0 retomber au sol, il y a toujours, surgit d&rsquo;on ne sait o\u00f9, un m\u00e2le d&rsquo;abeille qui se jette fr\u00e9n\u00e9tiquement dessus. Pour le f\u00e9conder. \u00c7a ne marchera pas avec le caillou. Pendant un temps le faux bourdon a cr\u00fb qu&rsquo;il pouvait s&rsquo;agir de celle qu&rsquo;il attend avec ferveur : la reine. Car c&rsquo;est pour cela qu&rsquo;ils sont tous l\u00e0 : pour f\u00e9conder une reine. Si l&rsquo;une d&rsquo;entre elles pointe son nez \u00e0 proximit\u00e9, ce sera un raz de mar\u00e9e, un acte d&rsquo;amour violent, \u00e0 1000 contre une.<\/p>\n\n\n\n<p>Chacun d&rsquo;entre nous conna\u00eet la l\u00e9gende de la reine des abeilles qui quitte la ruche avec une arm\u00e9e de m\u00e2les pr\u00e9tendants \u00e0 ses trousses et entame une course \u00e9perdue qui va les d\u00e9courager l&rsquo;un apr\u00e8s l&rsquo;autre. Bient\u00f4t il ne reste qu&rsquo;un seul favori auquel elle va offrir ses charmes&#8230; Pierre Jean Prost pr\u00e9tend que ce mode de f\u00e9condation romantique n&rsquo;est pas le seul. En de rares sites dont tr\u00e8s peu seraient connus par l&rsquo;homme \u00e0 ce jour, chaque ann\u00e9e les m\u00e2les d&rsquo;abeille organiseraient&nbsp; un type de chasse plus concert\u00e9, avec aff\u00fbt et attaque group\u00e9e par surprise. La plane serait l&rsquo;un d&rsquo;eux.<\/p>\n\n\n\n<p>L&rsquo;affaire est s\u00e9rieuse, scientifiquement attest\u00e9e. Elle a m\u00eame fait l&rsquo;objet d&rsquo;un compte-rendu \u00e0 l&rsquo;acad\u00e9mie des sciences par Mr Prost qui l&rsquo;a observ\u00e9e et d\u00e9crite. Un jour, gr\u00e2ce \u00e0 un filet \u00e0 papillon, il a en effet pu attraper une reine et quelques m\u00e2les et assister en direct \u00e0 la f\u00e9condation.<\/p>\n\n\n\n<p>Il s&rsquo;en passe, des choses palpitantes, sous les gen\u00eats apparemment endormis de la plane !<\/p>\n\n\n\n<p class=\"has-text-align-right\"><em>Merci \u00e0 Hubert Gu\u00e9rin pour ce r\u00e9cit de vive voix<\/em><\/p>\n\n\n\n<iframe loading=\"lazy\" src=\"https:\/\/www.reveeveille.net\/geoportail\/cartepublique.aspx?idecrit=361\" width=\"100%\" height=\"400\"><\/iframe>\n","protected":false},"excerpt":{"rendered":"<p>Photo : c&lsquo;est \u00e0 peu pr\u00e8s l\u00e0&#8230; mais pas en cette saison ! Fin juin. Une chaude apr\u00e8s-midi sur \u00ab\u00a0la plane\u00a0\u00bb, cette \u00e9tendue peu accident\u00e9e du centre de la can&hellip; <\/p>\n","protected":false},"author":3,"featured_media":2201,"comment_status":"open","ping_status":"open","sticky":false,"template":"","format":"standard","meta":{"_monsterinsights_skip_tracking":false,"_monsterinsights_sitenote_active":false,"_monsterinsights_sitenote_note":"","_monsterinsights_sitenote_category":0,"footnotes":""},"categories":[112],"tags":[44],"class_list":["post-2200","post","type-post","status-publish","format-standard","has-post-thumbnail","hentry","category-faune","tag-can-de-lhospitalet"],"_links":{"self":[{"href":"https:\/\/www.reveeveille.net\/candelhospitalet\/wp-json\/wp\/v2\/posts\/2200","targetHints":{"allow":["GET"]}}],"collection":[{"href":"https:\/\/www.reveeveille.net\/candelhospitalet\/wp-json\/wp\/v2\/posts"}],"about":[{"href":"https:\/\/www.reveeveille.net\/candelhospitalet\/wp-json\/wp\/v2\/types\/post"}],"author":[{"embeddable":true,"href":"https:\/\/www.reveeveille.net\/candelhospitalet\/wp-json\/wp\/v2\/users\/3"}],"replies":[{"embeddable":true,"href":"https:\/\/www.reveeveille.net\/candelhospitalet\/wp-json\/wp\/v2\/comments?post=2200"}],"version-history":[{"count":2,"href":"https:\/\/www.reveeveille.net\/candelhospitalet\/wp-json\/wp\/v2\/posts\/2200\/revisions"}],"predecessor-version":[{"id":3745,"href":"https:\/\/www.reveeveille.net\/candelhospitalet\/wp-json\/wp\/v2\/posts\/2200\/revisions\/3745"}],"wp:featuredmedia":[{"embeddable":true,"href":"https:\/\/www.reveeveille.net\/candelhospitalet\/wp-json\/wp\/v2\/media\/2201"}],"wp:attachment":[{"href":"https:\/\/www.reveeveille.net\/candelhospitalet\/wp-json\/wp\/v2\/media?parent=2200"}],"wp:term":[{"taxonomy":"category","embeddable":true,"href":"https:\/\/www.reveeveille.net\/candelhospitalet\/wp-json\/wp\/v2\/categories?post=2200"},{"taxonomy":"post_tag","embeddable":true,"href":"https:\/\/www.reveeveille.net\/candelhospitalet\/wp-json\/wp\/v2\/tags?post=2200"}],"curies":[{"name":"wp","href":"https:\/\/api.w.org\/{rel}","templated":true}]}}