{"id":1852,"date":"2022-10-02T10:47:04","date_gmt":"2022-10-02T10:47:04","guid":{"rendered":"https:\/\/www.reveeveille.net\/candelhospitalet\/wordpress\/?p=1852"},"modified":"2022-10-02T10:47:07","modified_gmt":"2022-10-02T10:47:07","slug":"lassemblee-protestante-de-septembre-1689-a-lhospitalet","status":"publish","type":"post","link":"https:\/\/www.reveeveille.net\/candelhospitalet\/lassemblee-protestante-de-septembre-1689-a-lhospitalet\/","title":{"rendered":"L&rsquo;assembl\u00e9e protestante de septembre 1689 \u00e0 l&rsquo;Hospitalet"},"content":{"rendered":"\n<p>L&rsquo;assembl\u00e9e du 23 septembre 1689 est sans doute la plus c\u00e9l\u00e8bre de toutes celles qui se d\u00e9roul\u00e8rent sur la can de l&rsquo;Hospitalet, et de fait la plus c\u00e9l\u00e9br\u00e9e encore aujourd&rsquo;hui. Les raisons de cette c\u00e9l\u00e9brit\u00e9 sont multiples.<\/p>\n\n\n\n<p>Tout d&rsquo;abord, elle f\u00fbt convoqu\u00e9e par Fran\u00e7ois Vivent, pr\u00e9dicant embl\u00e9matique s&rsquo;il en est, et Claude Brousson. De plus, le bruit aurait semble-t-il couru que des instructions importantes devaient \u00eatre apport\u00e9es \u00e0 cette occasion pour la suite du mouvement. Tout ceci contribua probablement \u00e0 exciter les imaginations et les \u00e9nergies des protestants les plus enthousiastes. De fait, le succ\u00e8s du rassemblement d\u00e9passe les esp\u00e9rances, et m\u00eame les souhaits, de Vivent et Brousson : les c\u00e9venols arrivent en nombre, arm\u00e9s, apparemment pr\u00eats \u00e0 en d\u00e9coudre le plus vite possible avec les forces arm\u00e9es catholiques, alors que ce n&rsquo;est pas l&rsquo;objet imm\u00e9diat de l&rsquo;assembl\u00e9e. Une troupe de plus de 80 protestants traverse ainsi le village du Pompidou sans aucune pr\u00e9caution, se montrant de mani\u00e8re provocante au cur\u00e9 et au Sr de la Blaqui\u00e8re.<\/p>\n\n\n\n<p>La troupe arrive au rendez-vous sur la can, en un lieu qui n&rsquo;est pas connu avec pr\u00e9cision mais que la tradition orale a plac\u00e9 pr\u00e8s du hameau de l&rsquo;Hospitalet, dans un chaos rocheux au coeur d&rsquo;un petit bois de h\u00eatre. Il y a l\u00e0, autour de Vivent et Brousson, tous les principaux meneurs du mouvement de r\u00e9volte protestant : Mazel, Lapierre, Laporte, Couderc, Gazan&#8230; Toute la soir\u00e9e, des protestants en arme continuent de grossir la troupe, jusqu&rsquo;\u00e0 \u00eatre enfin une centaine. On peut comprendre qu&rsquo;un tel rassemblement ait pu engendrer une atmosph\u00e8re tr\u00e8s particuli\u00e8re, propice \u00e0 croire \u00e0 une victoire totale et rapide sur l&rsquo;oppression si l&rsquo;on allait \u00e0 l&rsquo;affrontement imm\u00e9diat.<\/p>\n\n\n\n<p>Face \u00e0 cette excitation, la tradition raconte que Brousson et Vivens n&rsquo;ont pas la m\u00eame position. Brousson est un inconditionnel partisan de la lutte non violente et Vivens plus apte \u00e0 aller \u00e0 l&rsquo;affrontement arm\u00e9. Mais cette fois-ci, m\u00eame Vivens d\u00e9sapprouve ce mouvement trop impulsif. Ses projets auraient en effet \u00e9t\u00e9 d&rsquo;organiser un grand rassemblement 8 jours plus tard au lieu-dit \u00ab\u00a0le fau des armes\u00a0\u00bb, sur le Mont Loz\u00e8re, o\u00f9 l&rsquo;arriv\u00e9e de renforts venus du Vivarais aurait permis une action beaucoup plus importante. Les deux pr\u00e9dicants essayent donc de calmer tout le monde en leurs recommandant de mieux s&rsquo;organiser.<\/p>\n\n\n\n<p>L&rsquo;assembl\u00e9e se termine au petit matin du 24 septembre, sans donc qu&rsquo;aucune action importante ne se soit d\u00e9roul\u00e9e ni d\u00e9cid\u00e9e.<\/p>\n\n\n\n<h3 class=\"wp-block-heading\">Les suites de l&rsquo;assembl\u00e9e<\/h3>\n\n\n\n<p>Les heures et les jours suivant l&rsquo;assembl\u00e9e sont confus. Les participants se dispersent dans la campagne, et plusieurs petits groupes s\u00e9par\u00e9s qui vont vivre des aventures non concert\u00e9es et parfois malheureuses.<\/p>\n\n\n\n<p>Tout d&rsquo;abord, quatre compagnies de milices royales, inform\u00e9es du rassemblement, arr\u00eatent environ 40 personnes. Brousson, Vivent&nbsp; et 24 hommes, qui ne sont encore qu&rsquo;\u00e0 un quart de lieu de l\u00e0, sont alert\u00e9s. Ils organisent imm\u00e9diatement deux pelotons, vont \u00e0 la rencontre des milices, et d\u00e9livrent les prisonniers sans violence (il semblerait que l&rsquo;officier de la milice n&rsquo;ait gu\u00e8re eu envie de faire le coup de feu pour conserver les prisonniers).<\/p>\n\n\n\n<p>Cette action de guerre victorieuse, malgr\u00e9 sa facilit\u00e9, relance Vivens dans ses v\u00e9ll\u00e9\u00eft\u00e9s d&rsquo;en d\u00e9coudre plus avant. Il entra\u00eene avec lui les plus motiv\u00e9s des hommes. De mani\u00e8re \u00e9tonnante, Brousson suit le mouvement, tout en continuant \u00e0 pr\u00eacher la non violence. Ils sont environ 63, et restent toute la journ\u00e9e entre le Pompidou et Molezon. Le soir ils montent sur la can de Terre Rouge, continuent sur Ferri\u00e8re, descendent sur la Salle Prunet o\u00f9 ils arrivent la matin\u00e9e du 25.<\/p>\n\n\n\n<p>Le 26, Vivens apprend que David Quet avait r\u00e9uni 83 hommes en armes. Il fait proposer \u00e0 Quet de conduire ses hommes vers la Baume Dolente pour que les deux groupes puissent s&rsquo;y regrouper. H\u00e9las, Manuel, le messager, conna\u00eet beaucoup de d\u00e9boires durant sa mission : il peut \u00e0 verse, il est arr\u00eat\u00e9 par l&rsquo;intendant Basville qui arrive avec 1700 hommes de renfort. Il est finalement rel\u00e2ch\u00e9 mais d\u00e9couvre \u00e0 La Rouvi\u00e8re que l&rsquo;\u00e9quipe de David Quet n&rsquo;est forte que de 12 personnes au lieu des 83 attendues. Finalement il n&rsquo;arrive pas \u00e0 les mener \u00e0 la Baume Dolente car la rivi\u00e8re est en crue !<\/p>\n\n\n\n<p>Pendant ce temps, Vivens et son \u00e9quipent vont se cacher sur le versant nord du Boug\u00e8s, pr\u00e8s de Rampon, car ils ont appris l&rsquo;arriv\u00e9e des renforts de Basville. Le 27, la bande descend tout doucement la vall\u00e9e du Tarn en passant \u00e0 Sali\u00e8ges, B\u00e9dou\u00e8s. Vers 10 heures du soir du soir ils arrivent au Pont de Barre, \u00e0 l&rsquo;entr\u00e9e de Florac. Une altercation s&rsquo;engage avec la petite troupe pr\u00e9sente \u00e0 cet endroit. Les soldats prennent peur, fuient et r\u00e9pandent la nouvelle que 4000 personnes marchent sur Florac. La ville se croit perdue, crie, fait sonner les cloches, donnant une impression de grand remue m\u00e9nage qui fait peur \u00e0 Vivent. Peut-\u00eatre sous l&rsquo;influence pacificatrice de Brousson, les r\u00e9volutionnaires tournent les talons alors que la ville aurait pu \u00eatre prise. Il semble qu&rsquo;ils se soient dispers\u00e9s \u00e0 ce moment. Vivens monte \u00e0 la <a href=\"https:\/\/www.reveeveille.net\/candelhospitalet\/?p=379\">baume dolente<\/a> \u00e0 la rencontre de Quet et son \u00e9quipe qu&rsquo;il s&rsquo;attend \u00e0 y trouver, mais ils ne trouve personne, et pour cause.<\/p>\n\n\n\n<p class=\"has-text-align-right\">D&rsquo;apr\u00e8s <a href=\"https:\/\/www.reveeveille.net\/candelhospitalet\/?page_id=2627\">ppc<\/a>, p. 331<\/p>\n\n\n\n<p>Autre information que j&rsquo;ai trouv\u00e9e mais qui ne semble pas cadrer avec le reste : jjuste apr\u00e8s la fin de l&rsquo;assembl\u00e9e de l&rsquo;Hospitalet, une partie du groupe reste rassembl\u00e9 et circule sur la can et aux alentours. Il se met \u00e0 pleuvoir tr\u00e8s fort, et certains cherchent la baume dolente pour s&rsquo;y abriter, sans la trouver. Peut-\u00eatre est-ce uen confusion avec l&rsquo;\u00e9quipe de Quet ?<\/p>\n\n\n\n<p>Cette assembl\u00e9e semble aujourd&rsquo;hui \u00eatre consid\u00e9r\u00e9e comme l&rsquo;une des assembl\u00e9es fondatrices du mouvement&#8230; Une st\u00e8le a d&rsquo;ailleurs \u00e9t\u00e9 appos\u00e9e sur un rocher de <a href=\"https:\/\/www.reveeveille.net\/candelhospitalet\/?p=1846\">l&rsquo;Hospitalet<\/a>.<\/p>\n\n\n\n<iframe loading=\"lazy\" src=\"https:\/\/www.reveeveille.net\/geoportail\/cartepublique.aspx?idecrit=143\" width=\"100%\" height=\"400\"><\/iframe>\n","protected":false},"excerpt":{"rendered":"<p>L&rsquo;assembl\u00e9e du 23 septembre 1689 est sans doute la plus c\u00e9l\u00e8bre de toutes celles qui se d\u00e9roul\u00e8rent sur la can de l&rsquo;Hospitalet, et de fait la plus c\u00e9l\u00e9br\u00e9e encore aujourd&rsquo;hui.&hellip; <\/p>\n","protected":false},"author":3,"featured_media":1897,"comment_status":"open","ping_status":"open","sticky":false,"template":"","format":"standard","meta":{"_monsterinsights_skip_tracking":false,"_monsterinsights_sitenote_active":false,"_monsterinsights_sitenote_note":"","_monsterinsights_sitenote_category":0,"footnotes":""},"categories":[118],"tags":[44],"class_list":["post-1852","post","type-post","status-publish","format-standard","has-post-thumbnail","hentry","category-les-guerres-de-religion","tag-can-de-lhospitalet"],"_links":{"self":[{"href":"https:\/\/www.reveeveille.net\/candelhospitalet\/wp-json\/wp\/v2\/posts\/1852","targetHints":{"allow":["GET"]}}],"collection":[{"href":"https:\/\/www.reveeveille.net\/candelhospitalet\/wp-json\/wp\/v2\/posts"}],"about":[{"href":"https:\/\/www.reveeveille.net\/candelhospitalet\/wp-json\/wp\/v2\/types\/post"}],"author":[{"embeddable":true,"href":"https:\/\/www.reveeveille.net\/candelhospitalet\/wp-json\/wp\/v2\/users\/3"}],"replies":[{"embeddable":true,"href":"https:\/\/www.reveeveille.net\/candelhospitalet\/wp-json\/wp\/v2\/comments?post=1852"}],"version-history":[{"count":4,"href":"https:\/\/www.reveeveille.net\/candelhospitalet\/wp-json\/wp\/v2\/posts\/1852\/revisions"}],"predecessor-version":[{"id":3795,"href":"https:\/\/www.reveeveille.net\/candelhospitalet\/wp-json\/wp\/v2\/posts\/1852\/revisions\/3795"}],"wp:featuredmedia":[{"embeddable":true,"href":"https:\/\/www.reveeveille.net\/candelhospitalet\/wp-json\/wp\/v2\/media\/1897"}],"wp:attachment":[{"href":"https:\/\/www.reveeveille.net\/candelhospitalet\/wp-json\/wp\/v2\/media?parent=1852"}],"wp:term":[{"taxonomy":"category","embeddable":true,"href":"https:\/\/www.reveeveille.net\/candelhospitalet\/wp-json\/wp\/v2\/categories?post=1852"},{"taxonomy":"post_tag","embeddable":true,"href":"https:\/\/www.reveeveille.net\/candelhospitalet\/wp-json\/wp\/v2\/tags?post=1852"}],"curies":[{"name":"wp","href":"https:\/\/api.w.org\/{rel}","templated":true}]}}