{"id":1837,"date":"2022-10-02T10:45:34","date_gmt":"2022-10-02T10:45:34","guid":{"rendered":"https:\/\/www.reveeveille.net\/candelhospitalet\/wordpress\/?p=1837"},"modified":"2022-10-02T10:45:35","modified_gmt":"2022-10-02T10:45:35","slug":"le-plateau-oriental-de-la-can-noire","status":"publish","type":"post","link":"https:\/\/www.reveeveille.net\/candelhospitalet\/le-plateau-oriental-de-la-can-noire\/","title":{"rendered":"Le plateau oriental de la can noire"},"content":{"rendered":"\n<p>La can noire se termine, \u00e0 son extr\u00e9mit\u00e9 est, par un plateau bien individualis\u00e9 d&rsquo;une altitude un peu sup\u00e9rieure au reste de la zone, qui surplombe le village de Barre des C\u00e9vennes. Actuellement la surface est est totalement recouverte d&rsquo;une for\u00eat de pins noirs d&rsquo;Autriche.<\/p>\n\n\n\n<p>J&rsquo;ai trouv\u00e9 dans la litt\u00e9rature le signalement de cupules sur ce site, mais \u00e0 ce jour je ne les ai pas trouv\u00e9es.<\/p>\n\n\n\n<p>Sur toute la partie sommitale, on trouve un tr\u00e8s grand nombre de buttes, enfouies sous la v\u00e9g\u00e9tation. Sont-ce des simples clapas, ou y-a-t&rsquo;il dans le lot des tumulus, \u00e0 mettre en relation avec l&rsquo;existence, un peu en dessous, du site <a href=\"https:\/\/www.reveeveille.net\/candelhospitalet\/?p=663\">du Barret<\/a>, qui a peut-\u00eatre accueilli des hommes d\u00e8s la protohistoire.<\/p>\n\n\n\n<p>Un tr\u00e8s long mur de pierre court sur une grande partie de la longueur de la m\u00eame portion de territoire. Ce mur ne semble pas enclore une portion de prairie \u00e0 des fins agricoles. Son mode de construction ne m&rsquo;est pas familier : comme on le voit sur cette photo les pierres sont plac\u00e9es en h\u00e9risson : horizontales \u00e0 la base, puis elles sont redress\u00e9es progressivement et finalement verticales. De quand date ce mur, avait-il une utilit\u00e9 particuli\u00e8re ?<\/p>\n\n\n\n<figure class=\"wp-block-image\"><img decoding=\"async\" src=\"http:\/\/www.reveeveille.net\/photos\/2006\/0424_le_barret\/20060424_le_barret_mur_can_noire.jpg\" alt=\"\"\/><figcaption>Le mur en h\u00e9risson<\/figcaption><\/figure>\n\n\n\n<iframe loading=\"lazy\" src=\"https:\/\/www.reveeveille.net\/geoportail\/cartepublique.aspx?idecrit=373\" width=\"100%\" height=\"400\"><\/iframe>\n","protected":false},"excerpt":{"rendered":"<p>La can noire se termine, \u00e0 son extr\u00e9mit\u00e9 est, par un plateau bien individualis\u00e9 d&rsquo;une altitude un peu sup\u00e9rieure au reste de la zone, qui surplombe le village de Barre&hellip; <\/p>\n","protected":false},"author":3,"featured_media":1914,"comment_status":"open","ping_status":"open","sticky":false,"template":"","format":"standard","meta":{"_monsterinsights_skip_tracking":false,"_monsterinsights_sitenote_active":false,"_monsterinsights_sitenote_note":"","_monsterinsights_sitenote_category":0,"footnotes":""},"categories":[106],"tags":[48],"class_list":["post-1837","post","type-post","status-publish","format-standard","has-post-thumbnail","hentry","category-lieu","tag-can-noire"],"_links":{"self":[{"href":"https:\/\/www.reveeveille.net\/candelhospitalet\/wp-json\/wp\/v2\/posts\/1837","targetHints":{"allow":["GET"]}}],"collection":[{"href":"https:\/\/www.reveeveille.net\/candelhospitalet\/wp-json\/wp\/v2\/posts"}],"about":[{"href":"https:\/\/www.reveeveille.net\/candelhospitalet\/wp-json\/wp\/v2\/types\/post"}],"author":[{"embeddable":true,"href":"https:\/\/www.reveeveille.net\/candelhospitalet\/wp-json\/wp\/v2\/users\/3"}],"replies":[{"embeddable":true,"href":"https:\/\/www.reveeveille.net\/candelhospitalet\/wp-json\/wp\/v2\/comments?post=1837"}],"version-history":[{"count":3,"href":"https:\/\/www.reveeveille.net\/candelhospitalet\/wp-json\/wp\/v2\/posts\/1837\/revisions"}],"predecessor-version":[{"id":3792,"href":"https:\/\/www.reveeveille.net\/candelhospitalet\/wp-json\/wp\/v2\/posts\/1837\/revisions\/3792"}],"wp:featuredmedia":[{"embeddable":true,"href":"https:\/\/www.reveeveille.net\/candelhospitalet\/wp-json\/wp\/v2\/media\/1914"}],"wp:attachment":[{"href":"https:\/\/www.reveeveille.net\/candelhospitalet\/wp-json\/wp\/v2\/media?parent=1837"}],"wp:term":[{"taxonomy":"category","embeddable":true,"href":"https:\/\/www.reveeveille.net\/candelhospitalet\/wp-json\/wp\/v2\/categories?post=1837"},{"taxonomy":"post_tag","embeddable":true,"href":"https:\/\/www.reveeveille.net\/candelhospitalet\/wp-json\/wp\/v2\/tags?post=1837"}],"curies":[{"name":"wp","href":"https:\/\/api.w.org\/{rel}","templated":true}]}}