{"id":1834,"date":"2022-10-02T10:40:43","date_gmt":"2022-10-02T10:40:43","guid":{"rendered":"https:\/\/www.reveeveille.net\/candelhospitalet\/wordpress\/?p=1834"},"modified":"2022-10-02T10:43:45","modified_gmt":"2022-10-02T10:43:45","slug":"la-can-noire","status":"publish","type":"post","link":"https:\/\/www.reveeveille.net\/candelhospitalet\/la-can-noire\/","title":{"rendered":"La can noire"},"content":{"rendered":"\n<p>La can noire est une excroissance relativement bien individualis\u00e9e des plateaux des cans, qui s&rsquo;en d\u00e9tache au niveau des ruines du ch\u00e2teau de <a href=\"https:\/\/www.reveeveille.net\/candelhospitalet\/?p=649\">Terre rouge<\/a>, et part plein est en direction de <a href=\"https:\/\/www.reveeveille.net\/candelhospitalet\/?p=1804\">Barre des C\u00e9vennes<\/a>. Elle est elle-m\u00eame subdivis\u00e9e en deux parties :<\/p>\n\n\n\n<ul class=\"wp-block-list\"><li>Le plateau oriental, qui domine la vall\u00e9e de Barre, est la partie la plus \u00e9lev\u00e9e. Elle est enti\u00e8rement bois\u00e9e, et entour\u00e9e de barres rocheuses de petites tailles. Un site \u00e0 cupules est cens\u00e9 y exister mais je ne l&rsquo;ai jamais trouv\u00e9.<\/li><li>la plus occidentale est plus basse, actuellement partiellement en prairies p\u00e2tur\u00e9es.<\/li><\/ul>\n\n\n\n<figure class=\"wp-block-image\"><img decoding=\"async\" src=\"http:\/\/www.reveeveille.net\/photos\/2006\/0528_pesquie\/20060528_pesquie_can_noire.jpg\" alt=\"\"\/><figcaption>La can noire orientale, vue depuis les prairies de la can noire centrale<\/figcaption><\/figure>\n\n\n\n<p>On y trouve de nombreuses traces d&rsquo;occupation humaine ancienne : habitats, tombes&#8230; peut-\u00eatre parce qu&rsquo;une des branches de la draille de Margeride passe sur son flanc sud ?<\/p>\n\n\n\n<iframe loading=\"lazy\" src=\"https:\/\/www.reveeveille.net\/geoportail\/cartepublique.aspx?idrubric=59\" width=\"100%\" height=\"400\"><\/iframe>\n\n\n<div class=\"pt-cv-wrapper\"><div class=\"pt-cv-view pt-cv-grid pt-cv-colsys\" id=\"pt-cv-view-a925b0f9hk\"><div data-id=\"pt-cv-page-1\" class=\"pt-cv-page\" data-cvc=\"2\"><div class=\"col-md-6 col-sm-6 col-xs-12 pt-cv-content-item pt-cv-2-col\" ><div class='pt-cv-ifield'><a href=\"https:\/\/www.reveeveille.net\/candelhospitalet\/la-grotte-du-col-du-rey-n1\/\" class=\"_self pt-cv-href-thumbnail pt-cv-thumb-left\" target=\"_self\" ><img loading=\"lazy\" decoding=\"async\" width=\"150\" height=\"150\" src=\"https:\/\/www.reveeveille.net\/candelhospitalet\/wp-content\/uploads\/2021\/07\/20070131_grottes_col_du_rey_interieur_entree_grotte_1-150x150.jpg\" class=\"pt-cv-thumbnail pull-left\" alt=\"\" \/><\/a>\n<h4 class=\"pt-cv-title\"><a href=\"https:\/\/www.reveeveille.net\/candelhospitalet\/la-grotte-du-col-du-rey-n1\/\" class=\"_self\" target=\"_self\" >La grotte du col du Rey n\u00b01<\/a><\/h4>\n<div class=\"pt-cv-content\">La grotte du col du Rey n\u00b01 est un couloir \u00e0 peu pr\u00e8s lin\u00e9aire, probablement une ancienne petite rivi\u00e8re souterraine ...<br \/><div class=\"pt-cv-rmwrap\"><a href=\"https:\/\/www.reveeveille.net\/candelhospitalet\/la-grotte-du-col-du-rey-n1\/\" class=\"_self pt-cv-readmore btn btn-success\" target=\"_self\">Lire<\/a><\/div><\/div><\/div><\/div>\n<div class=\"col-md-6 col-sm-6 col-xs-12 pt-cv-content-item pt-cv-2-col\" ><div class='pt-cv-ifield'><a href=\"https:\/\/www.reveeveille.net\/candelhospitalet\/rocher-des-fees-du-barret-compte-rendu-de-fouille\/\" class=\"_self pt-cv-href-thumbnail pt-cv-thumb-left\" target=\"_self\" ><img loading=\"lazy\" decoding=\"async\" width=\"150\" height=\"150\" src=\"https:\/\/www.reveeveille.net\/candelhospitalet\/wp-content\/uploads\/2021\/07\/20051119_can_noire_barre_rocheuse-150x150.jpg\" class=\"pt-cv-thumbnail pull-left\" alt=\"\" \/><\/a>\n<h4 class=\"pt-cv-title\"><a href=\"https:\/\/www.reveeveille.net\/candelhospitalet\/rocher-des-fees-du-barret-compte-rendu-de-fouille\/\" class=\"_self\" target=\"_self\" >Rocher des f\u00e9es du Barret : compte-rendu de fouille<\/a><\/h4>\n<div class=\"pt-cv-content\">La Can de l'Hospitalet est une longue bande de terrain calcaire orient\u00e9e nord-Sud avec un \u00e9tranglement central. La partie Nord ...<br \/><div class=\"pt-cv-rmwrap\"><a href=\"https:\/\/www.reveeveille.net\/candelhospitalet\/rocher-des-fees-du-barret-compte-rendu-de-fouille\/\" class=\"_self pt-cv-readmore btn btn-success\" target=\"_self\">Lire<\/a><\/div><\/div><\/div><\/div>\n<div class=\"col-md-6 col-sm-6 col-xs-12 pt-cv-content-item pt-cv-2-col\" ><div class='pt-cv-ifield'><a href=\"https:\/\/www.reveeveille.net\/candelhospitalet\/le-rocher-des-fees-du-barret\/\" class=\"_self pt-cv-href-thumbnail pt-cv-thumb-left\" target=\"_self\" ><img loading=\"lazy\" decoding=\"async\" width=\"150\" height=\"150\" src=\"https:\/\/www.reveeveille.net\/candelhospitalet\/wp-content\/uploads\/2021\/07\/20061210_terre_rouge_billiere_falaise_barret-150x150.jpg\" class=\"pt-cv-thumbnail pull-left\" alt=\"\" \/><\/a>\n<h4 class=\"pt-cv-title\"><a href=\"https:\/\/www.reveeveille.net\/candelhospitalet\/le-rocher-des-fees-du-barret\/\" class=\"_self\" target=\"_self\" >Le rocher des f\u00e9es du Barret<\/a><\/h4>\n<div class=\"pt-cv-content\">Lorsqu'on arrive de Barre-des-C\u00e9vennes par la piste qui longe le flanc sud de la can noire, le franchissement d'un virage ...<br \/><div class=\"pt-cv-rmwrap\"><a href=\"https:\/\/www.reveeveille.net\/candelhospitalet\/le-rocher-des-fees-du-barret\/\" class=\"_self pt-cv-readmore btn btn-success\" target=\"_self\">Lire<\/a><\/div><\/div><\/div><\/div>\n<div class=\"col-md-6 col-sm-6 col-xs-12 pt-cv-content-item pt-cv-2-col\" ><div class='pt-cv-ifield'><a href=\"https:\/\/www.reveeveille.net\/candelhospitalet\/la-grotte-de-la-carriere-pnc\/\" class=\"_self pt-cv-href-thumbnail pt-cv-thumb-left\" target=\"_self\" ><img loading=\"lazy\" decoding=\"async\" width=\"150\" height=\"150\" src=\"https:\/\/www.reveeveille.net\/candelhospitalet\/wp-content\/uploads\/2021\/07\/20060424_le_barret_carriere-150x150.jpg\" class=\"pt-cv-thumbnail pull-left\" alt=\"\" \/><\/a>\n<h4 class=\"pt-cv-title\"><a href=\"https:\/\/www.reveeveille.net\/candelhospitalet\/la-grotte-de-la-carriere-pnc\/\" class=\"_self\" target=\"_self\" >La grotte de la carri\u00e8re PNC<\/a><\/h4>\n<div class=\"pt-cv-content\">Cette grotte s'ouvrait autrefois sur le site de la carri\u00e8re qui a fourni en pierre le chantier de r\u00e9novation du ...<br \/><div class=\"pt-cv-rmwrap\"><a href=\"https:\/\/www.reveeveille.net\/candelhospitalet\/la-grotte-de-la-carriere-pnc\/\" class=\"_self pt-cv-readmore btn btn-success\" target=\"_self\">Lire<\/a><\/div><\/div><\/div><\/div>\n<div class=\"col-md-6 col-sm-6 col-xs-12 pt-cv-content-item pt-cv-2-col\" ><div class='pt-cv-ifield'><a href=\"https:\/\/www.reveeveille.net\/candelhospitalet\/le-plateau-oriental-de-la-can-noire\/\" class=\"_self pt-cv-href-thumbnail pt-cv-thumb-left\" target=\"_self\" ><img loading=\"lazy\" decoding=\"async\" width=\"150\" height=\"150\" src=\"https:\/\/www.reveeveille.net\/candelhospitalet\/wp-content\/uploads\/2021\/07\/20060424_le_barret_buttes_can_noire-150x150.jpg\" class=\"pt-cv-thumbnail pull-left\" alt=\"\" \/><\/a>\n<h4 class=\"pt-cv-title\"><a href=\"https:\/\/www.reveeveille.net\/candelhospitalet\/le-plateau-oriental-de-la-can-noire\/\" class=\"_self\" target=\"_self\" >Le plateau oriental de la can noire<\/a><\/h4>\n<div class=\"pt-cv-content\">La can noire se termine, \u00e0 son extr\u00e9mit\u00e9 est, par un plateau bien individualis\u00e9 d'une altitude un peu sup\u00e9rieure au ...<br \/><div class=\"pt-cv-rmwrap\"><a href=\"https:\/\/www.reveeveille.net\/candelhospitalet\/le-plateau-oriental-de-la-can-noire\/\" class=\"_self pt-cv-readmore btn btn-success\" target=\"_self\">Lire<\/a><\/div><\/div><\/div><\/div>\n<div class=\"col-md-6 col-sm-6 col-xs-12 pt-cv-content-item pt-cv-2-col\" ><div class='pt-cv-ifield'><a href=\"https:\/\/www.reveeveille.net\/candelhospitalet\/grotte-du-col-du-rey-n3\/\" class=\"_self pt-cv-href-thumbnail pt-cv-thumb-left\" target=\"_self\" ><img loading=\"lazy\" decoding=\"async\" width=\"150\" height=\"150\" src=\"https:\/\/www.reveeveille.net\/candelhospitalet\/wp-content\/uploads\/2021\/07\/20101004_grottes_du_col_du_rey_01-150x150.jpg\" class=\"pt-cv-thumbnail pull-left\" alt=\"\" \/><\/a>\n<h4 class=\"pt-cv-title\"><a href=\"https:\/\/www.reveeveille.net\/candelhospitalet\/grotte-du-col-du-rey-n3\/\" class=\"_self\" target=\"_self\" >Grotte du col du Rey n\u00b03<\/a><\/h4>\n<div class=\"pt-cv-content\">La grotte du col du Rey n\u00b03 s'ouvre au pied de la m\u00eame falaise que les grottes 1 et 2 ...<br \/><div class=\"pt-cv-rmwrap\"><a href=\"https:\/\/www.reveeveille.net\/candelhospitalet\/grotte-du-col-du-rey-n3\/\" class=\"_self pt-cv-readmore btn btn-success\" target=\"_self\">Lire<\/a><\/div><\/div><\/div><\/div>\n<div class=\"col-md-6 col-sm-6 col-xs-12 pt-cv-content-item pt-cv-2-col\" ><div class='pt-cv-ifield'><a href=\"https:\/\/www.reveeveille.net\/candelhospitalet\/grotte-du-col-du-rey-n2\/\" class=\"_self pt-cv-href-thumbnail pt-cv-thumb-left\" target=\"_self\" ><img loading=\"lazy\" decoding=\"async\" width=\"150\" height=\"150\" src=\"https:\/\/www.reveeveille.net\/candelhospitalet\/wp-content\/uploads\/2021\/07\/20070131_grottes_col_du_rey_entree_grotte_2-150x150.jpg\" class=\"pt-cv-thumbnail pull-left\" alt=\"\" \/><\/a>\n<h4 class=\"pt-cv-title\"><a href=\"https:\/\/www.reveeveille.net\/candelhospitalet\/grotte-du-col-du-rey-n2\/\" class=\"_self\" target=\"_self\" >Grotte du col du Rey n\u00b02<\/a><\/h4>\n<div class=\"pt-cv-content\">Cette grotte d'une trentaine de m\u00e8tres de longueur est probablement une fente de d\u00e9collement. Elle s'ouvre au pied d'une petite ...<br \/><div class=\"pt-cv-rmwrap\"><a href=\"https:\/\/www.reveeveille.net\/candelhospitalet\/grotte-du-col-du-rey-n2\/\" class=\"_self pt-cv-readmore btn btn-success\" target=\"_self\">Lire<\/a><\/div><\/div><\/div><\/div>\n<div class=\"col-md-6 col-sm-6 col-xs-12 pt-cv-content-item pt-cv-2-col\" ><div class='pt-cv-ifield'><a href=\"https:\/\/www.reveeveille.net\/candelhospitalet\/le-chateau-de-terre-rouge\/\" class=\"_self pt-cv-href-thumbnail pt-cv-thumb-left\" target=\"_self\" ><img loading=\"lazy\" decoding=\"async\" width=\"150\" height=\"150\" src=\"https:\/\/www.reveeveille.net\/candelhospitalet\/wp-content\/uploads\/2021\/07\/19000101_site_cevennes_terre_rouge-150x150.jpg\" class=\"pt-cv-thumbnail pull-left\" alt=\"\" \/><\/a>\n<h4 class=\"pt-cv-title\"><a href=\"https:\/\/www.reveeveille.net\/candelhospitalet\/le-chateau-de-terre-rouge\/\" class=\"_self\" target=\"_self\" >Le ch\u00e2teau de Terre-Rouge<\/a><\/h4>\n<div class=\"pt-cv-content\">Sur la Can de l'Hospitalet, entre le Col du Rey et le Col de Solp\u00e9ri\u00e8re, sur la gauche de la ...<br \/><div class=\"pt-cv-rmwrap\"><a href=\"https:\/\/www.reveeveille.net\/candelhospitalet\/le-chateau-de-terre-rouge\/\" class=\"_self pt-cv-readmore btn btn-success\" target=\"_self\">Lire<\/a><\/div><\/div><\/div><\/div><\/div><\/div><\/div>\n","protected":false},"excerpt":{"rendered":"<p>La can noire est une excroissance relativement bien individualis\u00e9e des plateaux des cans, qui s&rsquo;en d\u00e9tache au niveau des ruines du ch\u00e2teau de Terre rouge, et part plein est en&hellip; <\/p>\n","protected":false},"author":3,"featured_media":1945,"comment_status":"open","ping_status":"open","sticky":false,"template":"","format":"standard","meta":{"_monsterinsights_skip_tracking":false,"_monsterinsights_sitenote_active":false,"_monsterinsights_sitenote_note":"","_monsterinsights_sitenote_category":0,"footnotes":""},"categories":[10],"tags":[],"class_list":["post-1834","post","type-post","status-publish","format-standard","has-post-thumbnail","hentry","category-les-lieux"],"_links":{"self":[{"href":"https:\/\/www.reveeveille.net\/candelhospitalet\/wp-json\/wp\/v2\/posts\/1834","targetHints":{"allow":["GET"]}}],"collection":[{"href":"https:\/\/www.reveeveille.net\/candelhospitalet\/wp-json\/wp\/v2\/posts"}],"about":[{"href":"https:\/\/www.reveeveille.net\/candelhospitalet\/wp-json\/wp\/v2\/types\/post"}],"author":[{"embeddable":true,"href":"https:\/\/www.reveeveille.net\/candelhospitalet\/wp-json\/wp\/v2\/users\/3"}],"replies":[{"embeddable":true,"href":"https:\/\/www.reveeveille.net\/candelhospitalet\/wp-json\/wp\/v2\/comments?post=1834"}],"version-history":[{"count":4,"href":"https:\/\/www.reveeveille.net\/candelhospitalet\/wp-json\/wp\/v2\/posts\/1834\/revisions"}],"predecessor-version":[{"id":3791,"href":"https:\/\/www.reveeveille.net\/candelhospitalet\/wp-json\/wp\/v2\/posts\/1834\/revisions\/3791"}],"wp:featuredmedia":[{"embeddable":true,"href":"https:\/\/www.reveeveille.net\/candelhospitalet\/wp-json\/wp\/v2\/media\/1945"}],"wp:attachment":[{"href":"https:\/\/www.reveeveille.net\/candelhospitalet\/wp-json\/wp\/v2\/media?parent=1834"}],"wp:term":[{"taxonomy":"category","embeddable":true,"href":"https:\/\/www.reveeveille.net\/candelhospitalet\/wp-json\/wp\/v2\/categories?post=1834"},{"taxonomy":"post_tag","embeddable":true,"href":"https:\/\/www.reveeveille.net\/candelhospitalet\/wp-json\/wp\/v2\/tags?post=1834"}],"curies":[{"name":"wp","href":"https:\/\/api.w.org\/{rel}","templated":true}]}}