{"id":1831,"date":"2022-10-02T10:40:03","date_gmt":"2022-10-02T10:40:03","guid":{"rendered":"https:\/\/www.reveeveille.net\/candelhospitalet\/wordpress\/?p=1831"},"modified":"2022-10-02T10:40:05","modified_gmt":"2022-10-02T10:40:05","slug":"arche-de-gres-au-dessus-de-la-plaine-du-pesquie","status":"publish","type":"post","link":"https:\/\/www.reveeveille.net\/candelhospitalet\/arche-de-gres-au-dessus-de-la-plaine-du-pesquie\/","title":{"rendered":"Arche de gr\u00e8s au dessus de la plaine du Pesqui\u00e9"},"content":{"rendered":"\n<p>Petite curiosit\u00e9 g\u00e9ologique, cette arche est situ\u00e9e dans les premi\u00e8res couches de gr\u00e8s pos\u00e9es sur le schiste de la plaine du Pesqui\u00e9, au pied des premi\u00e8res c\u00f4tes raides qui montent vers la can noire. Elle mesure environ 4 m\u00e8tres de long et surplombe le sol d&rsquo;environ 2 m\u00e8tres. Elle est l\u00e9g\u00e8rement dissym\u00e9trique.<\/p>\n\n\n\n<iframe loading=\"lazy\" src=\"https:\/\/www.reveeveille.net\/geoportail\/cartepublique.aspx?idecrit=408\" width=\"100%\" height=\"400\"><\/iframe>\n","protected":false},"excerpt":{"rendered":"<p>Petite curiosit\u00e9 g\u00e9ologique, cette arche est situ\u00e9e dans les premi\u00e8res couches de gr\u00e8s pos\u00e9es sur le schiste de la plaine du Pesqui\u00e9, au pied des premi\u00e8res c\u00f4tes raides qui montent&hellip; <\/p>\n","protected":false},"author":3,"featured_media":1923,"comment_status":"open","ping_status":"open","sticky":false,"template":"","format":"standard","meta":{"_monsterinsights_skip_tracking":false,"_monsterinsights_sitenote_active":false,"_monsterinsights_sitenote_note":"","_monsterinsights_sitenote_category":0,"footnotes":""},"categories":[104],"tags":[44],"class_list":["post-1831","post","type-post","status-publish","format-standard","has-post-thumbnail","hentry","category-geologie","tag-can-de-lhospitalet"],"_links":{"self":[{"href":"https:\/\/www.reveeveille.net\/candelhospitalet\/wp-json\/wp\/v2\/posts\/1831","targetHints":{"allow":["GET"]}}],"collection":[{"href":"https:\/\/www.reveeveille.net\/candelhospitalet\/wp-json\/wp\/v2\/posts"}],"about":[{"href":"https:\/\/www.reveeveille.net\/candelhospitalet\/wp-json\/wp\/v2\/types\/post"}],"author":[{"embeddable":true,"href":"https:\/\/www.reveeveille.net\/candelhospitalet\/wp-json\/wp\/v2\/users\/3"}],"replies":[{"embeddable":true,"href":"https:\/\/www.reveeveille.net\/candelhospitalet\/wp-json\/wp\/v2\/comments?post=1831"}],"version-history":[{"count":2,"href":"https:\/\/www.reveeveille.net\/candelhospitalet\/wp-json\/wp\/v2\/posts\/1831\/revisions"}],"predecessor-version":[{"id":3788,"href":"https:\/\/www.reveeveille.net\/candelhospitalet\/wp-json\/wp\/v2\/posts\/1831\/revisions\/3788"}],"wp:featuredmedia":[{"embeddable":true,"href":"https:\/\/www.reveeveille.net\/candelhospitalet\/wp-json\/wp\/v2\/media\/1923"}],"wp:attachment":[{"href":"https:\/\/www.reveeveille.net\/candelhospitalet\/wp-json\/wp\/v2\/media?parent=1831"}],"wp:term":[{"taxonomy":"category","embeddable":true,"href":"https:\/\/www.reveeveille.net\/candelhospitalet\/wp-json\/wp\/v2\/categories?post=1831"},{"taxonomy":"post_tag","embeddable":true,"href":"https:\/\/www.reveeveille.net\/candelhospitalet\/wp-json\/wp\/v2\/tags?post=1831"}],"curies":[{"name":"wp","href":"https:\/\/api.w.org\/{rel}","templated":true}]}}