{"id":1825,"date":"2022-10-02T10:39:32","date_gmt":"2022-10-02T10:39:32","guid":{"rendered":"https:\/\/www.reveeveille.net\/candelhospitalet\/wordpress\/?p=1825"},"modified":"2022-10-02T10:39:35","modified_gmt":"2022-10-02T10:39:35","slug":"le-pesquie","status":"publish","type":"post","link":"https:\/\/www.reveeveille.net\/candelhospitalet\/le-pesquie\/","title":{"rendered":"Le Pesqui\u00e9"},"content":{"rendered":"\n<p>Le pesqui\u00e9 est un hameau de 3 b\u00e2timents construit au pied de petites falaises du rebord est de la can de l&rsquo;Hospitalet. En 2005, ce lieu garde une vocation agricole mais semble presque \u00e0 l&rsquo;abandon : plusieurs b\u00e2timents s&rsquo;ab\u00eement rapidement, de l&rsquo;eau coule en permanence sur la piste. Au moins le hameau ne manque-t-il pas d&rsquo;eau&#8230;<\/p>\n\n\n\n<div class=\"wp-block-group\"><div class=\"wp-block-group__inner-container is-layout-flow wp-block-group-is-layout-flow\">\n<div class=\"wp-block-columns is-layout-flex wp-container-core-columns-is-layout-9d6595d7 wp-block-columns-is-layout-flex\">\n<div class=\"wp-block-column is-layout-flow wp-block-column-is-layout-flow\">\n<figure class=\"wp-block-image\"><img decoding=\"async\" src=\"http:\/\/www.reveeveille.net\/photos\/2005\/1111_pesquie\/20051111_pesquie_vue_du_nord.jpg\" alt=\"\"\/><figcaption>Le beau b\u00e2timent du Pesqui\u00e9, vu du nord<\/figcaption><\/figure>\n<\/div>\n\n\n\n<div class=\"wp-block-column is-layout-flow wp-block-column-is-layout-flow\">\n<figure class=\"wp-block-image\"><img decoding=\"async\" src=\"http:\/\/www.reveeveille.net\/photos\/2006\/0528_pesquie\/20060528_pesquie_manteau_dans_encoignure.jpg\" alt=\"\"\/><figcaption><br>Inaccessible pour cause de plancher effondr\u00e9, une veste est encore accroch\u00e9e sur un clou \u00e0 une porte de la ferme du Pesqui\u00e9.<\/figcaption><\/figure>\n<\/div>\n<\/div>\n<\/div><\/div>\n\n\n\n<figure class=\"wp-block-image\"><img decoding=\"async\" src=\"http:\/\/www.reveeveille.net\/photos\/2006\/0528_pesquie\/20060528_pesquie_petit_siege.jpg\" alt=\"\"\/><figcaption>Un tabouret de traite bricol\u00e9 avec une fourche de bois<\/figcaption><\/figure>\n\n\n\n<p>Jusqu&rsquo;au XIX\u00e8me si\u00e8cle le Pesqui\u00e9 s&rsquo;appelait Saint-Pierre de Noalhac. La terminaison en \u00ab\u00a0ac\u00a0\u00bb est caract\u00e9ristique et indique une origine gallo-romaine. De fait, des tessons de poterie du II\u00e8 si\u00e8cle apr\u00e8s JC ont \u00e9t\u00e9 trouv\u00e9s \u00e0 proximit\u00e9 (<a href=\"https:\/\/www.reveeveille.net\/candelhospitalet\/?page_id=2627\">cav<\/a> p. 17). Le lieu appara\u00eet encore sous ce nom sur le tableau des hameaux de Barre des C\u00e9vennes, \u00e9tabli en 1862 par Mr Cabanel, instituteur de la commune). Jusqu&rsquo;au d\u00e9but du XIV\u00e8me si\u00e8cle, Saint-Pierre de Noalhac a accueilli la premi\u00e8re \u00e9glise de Barre, d\u00e9di\u00e9e au Saint Pierre en question. A voir l&rsquo;\u00e9tat actuel du site, humide, froid et aust\u00e8re en hiver, \u00e9loign\u00e9 du bourg, on est en droit de se demander ce qui a bien pu y motiver la construction d&rsquo;une \u00e9glise&#8230; affaire \u00e0 \u00e9lucider. Puis une nouvelle \u00e9glise a \u00e9t\u00e9 construite dans le centre de Barre pour faciliter l&rsquo;acc\u00e8s, et celle-ci est tomb\u00e9e en d\u00e9su\u00e9tude et a disparu d&rsquo;une mani\u00e8re que je n&rsquo;ai pas \u00e9lucid\u00e9e. Le compoix de 1604 mentionne encore la \u00ab\u00a0terre et le cimeti\u00e8re de Saint-Pierre-de-Noalhac contenant pr\u00e9, cazal, p\u00e8de\u00a0\u00bb.<\/p>\n\n\n\n<figure class=\"wp-block-image\"><img decoding=\"async\" src=\"http:\/\/www.reveeveille.net\/photos\/2006\/0528_pesquie\/20060528_pesquie_cagibis_pesquie.jpg\" alt=\"\"\/><figcaption>Des sortes de coffrets de rangement dominent le vide, portes baillantes et silencieuses&#8230;<\/figcaption><\/figure>\n\n\n\n<p>Aujourd&rsquo;hui, le Pesqui\u00e9 est compos\u00e9 de deux ensembles de b\u00e2timents :<\/p>\n\n\n\n<ul class=\"wp-block-list\"><li>en dessous de la piste, deux b\u00e2timents reli\u00e9s par un passage ont servi de corps d&rsquo;habitation au premier \u00e9tage et de bergeries au rez de chauss\u00e9e<\/li><li>au dessus de la piste, un b\u00e2timent tr\u00e8s massif a servi de b\u00e2timent agricole.<\/li><\/ul>\n\n\n\n<div class=\"wp-block-group\"><div class=\"wp-block-group__inner-container is-layout-flow wp-block-group-is-layout-flow\">\n<div class=\"wp-block-columns is-layout-flex wp-container-core-columns-is-layout-9d6595d7 wp-block-columns-is-layout-flex\">\n<div class=\"wp-block-column is-layout-flow wp-block-column-is-layout-flow\">\n<figure class=\"wp-block-image\"><img decoding=\"async\" src=\"http:\/\/www.reveeveille.net\/photos\/2006\/0528_pesquie\/20060528_pesquie_bel_encadrement.jpg\" alt=\"\"\/><figcaption>Un (trop ?) bel encadrement<\/figcaption><\/figure>\n<\/div>\n\n\n\n<div class=\"wp-block-column is-layout-flow wp-block-column-is-layout-flow\">\n<figure class=\"wp-block-image\"><img decoding=\"async\" src=\"http:\/\/www.reveeveille.net\/photos\/2005\/1111_pesquie\/20051111_pesquie_porte.jpg\" alt=\"\"\/><figcaption>Les (trop ?) belles pierres du b\u00e2timent<\/figcaption><\/figure>\n<\/div>\n<\/div>\n<\/div><\/div>\n\n\n\n<p>La ferme, encore occup\u00e9e en 1960, a manifestement \u00e9t\u00e9 abandonn\u00e9e assez brutalement. De nombreuses traces de la vie courante y subsistent, maintenant expos\u00e9s \u00e0 tous vents et menac\u00e9s par l&rsquo;\u00e9croulement intempestif de parties de toits ou de murs&#8230;<\/p>\n\n\n\n<p>Retournons dehors.<\/p>\n\n\n\n<p>Pass\u00e9 le choc de la lumi\u00e8re qui \u00e9blouit, on est soudain surpris par la diff\u00e9rence d&rsquo;aspect entre les diff\u00e9rents blocs de b\u00e2timents. Ceux qui sont situ\u00e9s sous la piste sont construits en pierres de petites dimensions, non taill\u00e9es, et d&rsquo;un agencement rustique. Celui qui est situ\u00e9 au dessus de la piste est construit en pierre de taille de grosses dimensions, qui semblent tout \u00e0 fait disproportionn\u00e9es avec la taille et la fonction du b\u00e2timent, qui n&rsquo;a pas \u00e0 priori de vocation d\u00e9fensive, ni d&rsquo;apparat vu sa situation et son environnement.<\/p>\n\n\n\n<div class=\"wp-block-group\"><div class=\"wp-block-group__inner-container is-layout-flow wp-block-group-is-layout-flow\">\n<div class=\"wp-block-columns is-layout-flex wp-container-core-columns-is-layout-9d6595d7 wp-block-columns-is-layout-flex\">\n<div class=\"wp-block-column is-layout-flow wp-block-column-is-layout-flow\">\n<figure class=\"wp-block-image\"><img decoding=\"async\" src=\"http:\/\/www.reveeveille.net\/photos\/2005\/1111_pesquie\/20051111_pesquie_source_2.jpg\" alt=\"\"\/><figcaption>Sous le hameau du Pesqui\u00e9 sort une source, prot\u00e9g\u00e9e par une large vo\u00fbte en pierre.<\/figcaption><\/figure>\n<\/div>\n\n\n\n<div class=\"wp-block-column is-layout-flow wp-block-column-is-layout-flow\">\n<figure class=\"wp-block-image\"><img decoding=\"async\" src=\"http:\/\/www.reveeveille.net\/photos\/2005\/1111_pesquie\/20051111_pesquie_calade.jpg\" alt=\"\"\/><figcaption>A quelques centaines de m\u00e8tres du hameau, la piste qui monte vers la can semble pr\u00e9senter un restant de dallage massif\u2026 Mais il n&rsquo;est pas \u00e9vident de faire la diff\u00e9rence avec des bancs naturels de calcaire<\/figcaption><\/figure>\n<\/div>\n<\/div>\n<\/div><\/div>\n\n\n\n<figure class=\"wp-block-image\"><img decoding=\"async\" src=\"http:\/\/www.reveeveille.net\/photos\/2005\/1111_pesquie\/20051111_pesquie_vegetation_sur_toit.jpg\" alt=\"\"\/><figcaption>La v\u00e9g\u00e9tation prend ses aises sur le toit malade de la ferme du Pesqui\u00e9.<\/figcaption><\/figure>\n\n\n\n<p>En effet les deux grandes portes, con\u00e7ues pour faire entrer des charrettes ou des b\u00eates, t\u00e9moignent de sa vocation agricole. Peut-\u00eatre le premier \u00e9tage a-t-il \u00e9galement servi d&rsquo;habitation (la face est pr\u00e9sente une porte et des fen\u00eatres d&rsquo;habitation). La construction d&rsquo;un tel b\u00e2timent a probablement n\u00e9cessit\u00e9 beaucoup d&rsquo;argent&#8230; \u00e0 moins que le constructeur ait gratuitement dispos\u00e9 de ces belles pierres de taille.<\/p>\n\n\n\n<figure class=\"wp-block-image\"><img decoding=\"async\" src=\"http:\/\/www.reveeveille.net\/photos\/2006\/0622_pesquie\/20060622_pesquie_vue_generale_vallon.jpg\" alt=\"\"\/><figcaption>Au premier plan, les b\u00e2timents du Pesqui\u00e9 depuis le rebord de la falaise qui surplombe. Au fond \u00e0 droite, la barre rocheuse de Barre des C\u00e9vennes<\/figcaption><\/figure>\n\n\n\n<p>Or, dans la monographie de Mr Cabanel de 1862, l&rsquo;auteur constate en observant le <a href=\"https:\/\/www.reveeveille.net\/candelhospitalet\/?p=649\">ch\u00e2teau de Terre Rouge<\/a>, situ\u00e9 \u00e0 un peu plus d&rsquo;un kilom\u00e8tre de l\u00e0, que \u00ab\u00a0des pierres de taille ont \u00e9t\u00e9 enlev\u00e9es, elles ont d\u00fb servir \u00e0 la construction des habitations du domaine de Jean-Pierre Noalhes, \u00e0 qui le ch\u00e2teau appartient\u00a0\u00bb. La proximit\u00e9 des deux noms, et le fait qu&rsquo;un chemin facilement praticable relie les deux sites, donne envie de faire l&rsquo;hypoth\u00e8se suivante : et si le b\u00e2timent principal du Pesqui\u00e9 \u00e9tait b\u00e2ti \u00e0 partir de pierres pr\u00e9lev\u00e9es au ch\u00e2teau de Terre Rouge ? Ce b\u00e2timent serait donc tout ce qui reste aujourd&rsquo;hui du ch\u00e2teau, qui a depuis \u00e9t\u00e9 ras\u00e9 pour remblayer la route !<\/p>\n\n\n\n<p>Un signe &#8211; interpr\u00e9t\u00e9 \u00e0 la va-vite, c&rsquo;est vrai &#8211; pourrait conforter cette id\u00e9e : au dessus de la porte d&rsquo;habitation on voit un trou triangulaire, et il est net qu&rsquo;une pierre a \u00e9t\u00e9 enlev\u00e9e de cet endroit. Pourquoi ne serait-ce pas une pierre d&rsquo;armoiries, pr\u00e9lev\u00e9e sur le ch\u00e2teau, pos\u00e9e l\u00e0, puis plus r\u00e9cemment vol\u00e9e &#8211; chose courante sur les b\u00e2timents de la r\u00e9gion ! Tout \u00e7a serait \u00e0 v\u00e9rifier&#8230; Je vous tiens au courant si j&rsquo;ai des nouvelles !<\/p>\n\n\n\n<iframe loading=\"lazy\" src=\"https:\/\/www.reveeveille.net\/geoportail\/cartepublique.aspx?idecrit=25\" width=\"100%\" height=\"400\"><\/iframe>\n","protected":false},"excerpt":{"rendered":"<p>Le pesqui\u00e9 est un hameau de 3 b\u00e2timents construit au pied de petites falaises du rebord est de la can de l&rsquo;Hospitalet. En 2005, ce lieu garde une vocation agricole&hellip; <\/p>\n","protected":false},"author":3,"featured_media":2004,"comment_status":"open","ping_status":"open","sticky":false,"template":"","format":"standard","meta":{"_monsterinsights_skip_tracking":false,"_monsterinsights_sitenote_active":false,"_monsterinsights_sitenote_note":"","_monsterinsights_sitenote_category":0,"footnotes":""},"categories":[93],"tags":[103],"class_list":["post-1825","post","type-post","status-publish","format-standard","has-post-thumbnail","hentry","category-hameau","tag-can-de-terre-rouge"],"_links":{"self":[{"href":"https:\/\/www.reveeveille.net\/candelhospitalet\/wp-json\/wp\/v2\/posts\/1825","targetHints":{"allow":["GET"]}}],"collection":[{"href":"https:\/\/www.reveeveille.net\/candelhospitalet\/wp-json\/wp\/v2\/posts"}],"about":[{"href":"https:\/\/www.reveeveille.net\/candelhospitalet\/wp-json\/wp\/v2\/types\/post"}],"author":[{"embeddable":true,"href":"https:\/\/www.reveeveille.net\/candelhospitalet\/wp-json\/wp\/v2\/users\/3"}],"replies":[{"embeddable":true,"href":"https:\/\/www.reveeveille.net\/candelhospitalet\/wp-json\/wp\/v2\/comments?post=1825"}],"version-history":[{"count":5,"href":"https:\/\/www.reveeveille.net\/candelhospitalet\/wp-json\/wp\/v2\/posts\/1825\/revisions"}],"predecessor-version":[{"id":3787,"href":"https:\/\/www.reveeveille.net\/candelhospitalet\/wp-json\/wp\/v2\/posts\/1825\/revisions\/3787"}],"wp:featuredmedia":[{"embeddable":true,"href":"https:\/\/www.reveeveille.net\/candelhospitalet\/wp-json\/wp\/v2\/media\/2004"}],"wp:attachment":[{"href":"https:\/\/www.reveeveille.net\/candelhospitalet\/wp-json\/wp\/v2\/media?parent=1825"}],"wp:term":[{"taxonomy":"category","embeddable":true,"href":"https:\/\/www.reveeveille.net\/candelhospitalet\/wp-json\/wp\/v2\/categories?post=1825"},{"taxonomy":"post_tag","embeddable":true,"href":"https:\/\/www.reveeveille.net\/candelhospitalet\/wp-json\/wp\/v2\/tags?post=1825"}],"curies":[{"name":"wp","href":"https:\/\/api.w.org\/{rel}","templated":true}]}}