{"id":1799,"date":"2023-02-01T15:50:33","date_gmt":"2023-02-01T15:50:33","guid":{"rendered":"https:\/\/www.reveeveille.net\/candelhospitalet\/wordpress\/?p=1799"},"modified":"2023-02-01T15:50:35","modified_gmt":"2023-02-01T15:50:35","slug":"le-castelas-de-barre-des-cevennes","status":"publish","type":"post","link":"https:\/\/www.reveeveille.net\/candelhospitalet\/le-castelas-de-barre-des-cevennes\/","title":{"rendered":"Le Castelas de Barre-des-C\u00e9vennes"},"content":{"rendered":"\n<p>Le Castelas de Barre des C\u00e9vennes est une barre calcaire de pr\u00e8s d&rsquo;un kilom\u00e8tre de long, orient\u00e9e nord-ouest &#8211; sud-est. C&rsquo;est une relique &#8211; t\u00e9moin qui a \u00e9t\u00e9 dans le pass\u00e9 reli\u00e9e \u00e0 la can de l&rsquo;Hospitalet et au causse M\u00e9jean. Elle forme aujourd&rsquo;hui un relief tr\u00e8s caract\u00e9ristique que l&rsquo;on peut facilement distinguer de tr\u00e8s loin : depuis le sommet du Mont Aigoual, par exemple, \u00e0 plusieurs dizaines de kilom\u00e8tres de distance, ou depuis la route de la Corniche des C\u00e9vennes sur la Can de l&rsquo;Hospitalet&#8230;<\/p>\n\n\n\n<figure class=\"wp-block-image\"><img decoding=\"async\" src=\"http:\/\/www.reveeveille.net\/photos\/2006\/0528_pesquie\/20060528_pesquie_3_cans_noire_et_castelas.jpg\" alt=\"\"\/><figcaption class=\"wp-element-caption\">La can noire, et \u00e0 gauche le castelas de Barre des C\u00e9vennes, depuis la ferme du Pesqui\u00e9<\/figcaption><\/figure>\n\n\n\n<p>Cette barre, qui prot\u00e8ge le village des vents du nord, lui a probablement donn\u00e9 son nom. Dans le pass\u00e9 elle a port\u00e9 plusieurs b\u00e2timents importants dans l&rsquo;histoire locale, comme le ch\u00e2teau m\u00e9di\u00e9val, et une chapelle. On y trouve aussi la minuscule <a href=\"https:\/\/www.reveeveille.net\/candelhospitalet\/?p=821\">grotte de Milord<\/a>, quasi imp\u00e9n\u00e9trable mais dans laquelle les enfants du village ont beaucoup jou\u00e9 !<\/p>\n\n\n\n<figure class=\"wp-block-image\"><img decoding=\"async\" src=\"http:\/\/www.reveeveille.net\/photos\/2022\/0218_col_du_rey_pesquie\/20220218_col_du_rey_pesquie_07.jpg\" alt=\"\"\/><figcaption class=\"wp-element-caption\">Au sommet du castelas, vue sur le nord-ouest<\/figcaption><\/figure>\n\n\n\n<figure class=\"wp-block-image\"><img decoding=\"async\" src=\"http:\/\/www.reveeveille.net\/photos\/2022\/0218_col_du_rey_pesquie\/20220218_col_du_rey_pesquie_03.jpg\" alt=\"\"\/><figcaption class=\"wp-element-caption\">Le castelas, contempl\u00e9 depuis la roseli\u00e8re du Pesqui<\/figcaption><\/figure>\n\n\n\n<p><\/p>\n\n\n<div class=\"pt-cv-wrapper\"><div class=\"pt-cv-view pt-cv-grid pt-cv-colsys\" id=\"pt-cv-view-1b014d0h86\"><div data-id=\"pt-cv-page-1\" class=\"pt-cv-page\" data-cvc=\"2\"><div class=\"col-md-6 col-sm-6 col-xs-12 pt-cv-content-item pt-cv-1-col\" ><div class='pt-cv-ifield'><a href=\"https:\/\/www.reveeveille.net\/candelhospitalet\/le-castelas-de-barre-des-cevennes\/\" class=\"_self pt-cv-href-thumbnail pt-cv-thumb-default\" target=\"_self\" ><img loading=\"lazy\" decoding=\"async\" width=\"150\" height=\"150\" src=\"https:\/\/www.reveeveille.net\/candelhospitalet\/wp-content\/uploads\/2021\/07\/20060622_pesquie_castelas_de_barre-150x150.jpg\" class=\"pt-cv-thumbnail\" alt=\"\" \/><\/a>\n<h4 class=\"pt-cv-title\"><a href=\"https:\/\/www.reveeveille.net\/candelhospitalet\/le-castelas-de-barre-des-cevennes\/\" class=\"_self\" target=\"_self\" >Le Castelas de Barre-des-C\u00e9vennes<\/a><\/h4>\n<div class=\"pt-cv-content\">Le Castelas de Barre des C\u00e9vennes est une barre calcaire de pr\u00e8s d'un kilom\u00e8tre de long, orient\u00e9e nord-ouest - sud-est ...<br \/><div class=\"pt-cv-rmwrap\"><a href=\"https:\/\/www.reveeveille.net\/candelhospitalet\/le-castelas-de-barre-des-cevennes\/\" class=\"_self pt-cv-readmore btn btn-success\" target=\"_self\">Lire La Suite\u2026<\/a><\/div><\/div><\/div><\/div>\n<div class=\"col-md-6 col-sm-6 col-xs-12 pt-cv-content-item pt-cv-1-col\" ><div class='pt-cv-ifield'><a href=\"https:\/\/www.reveeveille.net\/candelhospitalet\/barre-des-cevennes\/\" class=\"_self pt-cv-href-thumbnail pt-cv-thumb-default\" target=\"_self\" ><img loading=\"lazy\" decoding=\"async\" width=\"150\" height=\"150\" src=\"https:\/\/www.reveeveille.net\/candelhospitalet\/wp-content\/uploads\/2021\/07\/20060424_le_barret_pano_barre_3-150x150.jpg\" class=\"pt-cv-thumbnail\" alt=\"\" \/><\/a>\n<h4 class=\"pt-cv-title\"><a href=\"https:\/\/www.reveeveille.net\/candelhospitalet\/barre-des-cevennes\/\" class=\"_self\" target=\"_self\" >Barre-des-C\u00e9vennes<\/a><\/h4>\n<div class=\"pt-cv-content\">Si la commune de Barre des C\u00e9vennes empi\u00e8te largement sur les plateaux des cans, le bourg lui-m\u00eame est situ\u00e9 en ...<br \/><div class=\"pt-cv-rmwrap\"><a href=\"https:\/\/www.reveeveille.net\/candelhospitalet\/barre-des-cevennes\/\" class=\"_self pt-cv-readmore btn btn-success\" target=\"_self\">Lire La Suite\u2026<\/a><\/div><\/div><\/div><\/div>\n<div class=\"col-md-6 col-sm-6 col-xs-12 pt-cv-content-item pt-cv-1-col\" ><div class='pt-cv-ifield'><a href=\"https:\/\/www.reveeveille.net\/candelhospitalet\/elements-dhistoire-de-barre-des-cevennes\/\" class=\"_self pt-cv-href-thumbnail pt-cv-thumb-default\" target=\"_self\" ><img loading=\"lazy\" decoding=\"async\" width=\"150\" height=\"150\" src=\"https:\/\/www.reveeveille.net\/candelhospitalet\/wp-content\/uploads\/2021\/07\/20060424_le_barret_pano_barre_3-150x150.jpg\" class=\"pt-cv-thumbnail\" alt=\"\" \/><\/a>\n<h4 class=\"pt-cv-title\"><a href=\"https:\/\/www.reveeveille.net\/candelhospitalet\/elements-dhistoire-de-barre-des-cevennes\/\" class=\"_self\" target=\"_self\" >El\u00e9ments d&rsquo;histoire de Barre-des-C\u00e9vennes<\/a><\/h4>\n<div class=\"pt-cv-content\">L'histoire de Barre-des-C\u00e9vennes a \u00e9t\u00e9 \u00e9tudi\u00e9e et d\u00e9crite en d\u00e9tail par plusieurs historiens, aussi je ne tenterai pas d'apporter une ...<br \/><div class=\"pt-cv-rmwrap\"><a href=\"https:\/\/www.reveeveille.net\/candelhospitalet\/elements-dhistoire-de-barre-des-cevennes\/\" class=\"_self pt-cv-readmore btn btn-success\" target=\"_self\">Lire La Suite\u2026<\/a><\/div><\/div><\/div><\/div>\n<div class=\"col-md-6 col-sm-6 col-xs-12 pt-cv-content-item pt-cv-1-col\" ><div class='pt-cv-ifield'><a href=\"https:\/\/www.reveeveille.net\/candelhospitalet\/la-grotte-de-milord-au-castelas-de-barre-des-cevennes\/\" class=\"_self pt-cv-href-thumbnail pt-cv-thumb-default\" target=\"_self\" ><img loading=\"lazy\" decoding=\"async\" width=\"150\" height=\"150\" src=\"https:\/\/www.reveeveille.net\/candelhospitalet\/wp-content\/uploads\/2021\/07\/20080829_grotte_de_milord_12-150x150.jpg\" class=\"pt-cv-thumbnail\" alt=\"\" \/><\/a>\n<h4 class=\"pt-cv-title\"><a href=\"https:\/\/www.reveeveille.net\/candelhospitalet\/la-grotte-de-milord-au-castelas-de-barre-des-cevennes\/\" class=\"_self\" target=\"_self\" >La grotte de Milord au cast\u00e9las de Barre-des-C\u00e9vennes<\/a><\/h4>\n<div class=\"pt-cv-content\">Photo ci-dessus : Vue g\u00e9n\u00e9rale du site du castelas de barre, \u00e0 proximit\u00e9 de la grotte de Milord. Au premier ...<br \/><div class=\"pt-cv-rmwrap\"><a href=\"https:\/\/www.reveeveille.net\/candelhospitalet\/la-grotte-de-milord-au-castelas-de-barre-des-cevennes\/\" class=\"_self pt-cv-readmore btn btn-success\" target=\"_self\">Lire La Suite\u2026<\/a><\/div><\/div><\/div><\/div><\/div><\/div><\/div>\n\n\n\n<iframe loading=\"lazy\" src=\"https:\/\/www.reveeveille.net\/geoportail\/cartepublique.aspx?idrubric=57\" width=\"100%\" height=\"400\"><\/iframe>\n\n\n\n<figure class=\"wp-block-image\"><img decoding=\"async\" src=\"http:\/\/www.reveeveille.net\/photos\/2022\/1120_can_de_ferriere_can_noire\/20221120_can_de_ferriere_can_noire_11.jpg\" alt=\"\"\/><figcaption class=\"wp-element-caption\">Le magnifique vallon de Barre avec le castelas et les C\u00e9vennes en arri\u00e8re-plan.<\/figcaption><\/figure>\n","protected":false},"excerpt":{"rendered":"<p>Le Castelas de Barre des C\u00e9vennes est une barre calcaire de pr\u00e8s d&rsquo;un kilom\u00e8tre de long, orient\u00e9e nord-ouest &#8211; sud-est. C&rsquo;est une relique &#8211; t\u00e9moin qui a \u00e9t\u00e9 dans le&hellip; <\/p>\n","protected":false},"author":3,"featured_media":1932,"comment_status":"open","ping_status":"open","sticky":false,"template":"","format":"standard","meta":{"_monsterinsights_skip_tracking":false,"_monsterinsights_sitenote_active":false,"_monsterinsights_sitenote_note":"","_monsterinsights_sitenote_category":0,"footnotes":""},"categories":[106],"tags":[50],"class_list":["post-1799","post","type-post","status-publish","format-standard","has-post-thumbnail","hentry","category-lieu","tag-castelas-de-barre-des-cevennes"],"_links":{"self":[{"href":"https:\/\/www.reveeveille.net\/candelhospitalet\/wp-json\/wp\/v2\/posts\/1799","targetHints":{"allow":["GET"]}}],"collection":[{"href":"https:\/\/www.reveeveille.net\/candelhospitalet\/wp-json\/wp\/v2\/posts"}],"about":[{"href":"https:\/\/www.reveeveille.net\/candelhospitalet\/wp-json\/wp\/v2\/types\/post"}],"author":[{"embeddable":true,"href":"https:\/\/www.reveeveille.net\/candelhospitalet\/wp-json\/wp\/v2\/users\/3"}],"replies":[{"embeddable":true,"href":"https:\/\/www.reveeveille.net\/candelhospitalet\/wp-json\/wp\/v2\/comments?post=1799"}],"version-history":[{"count":6,"href":"https:\/\/www.reveeveille.net\/candelhospitalet\/wp-json\/wp\/v2\/posts\/1799\/revisions"}],"predecessor-version":[{"id":3997,"href":"https:\/\/www.reveeveille.net\/candelhospitalet\/wp-json\/wp\/v2\/posts\/1799\/revisions\/3997"}],"wp:featuredmedia":[{"embeddable":true,"href":"https:\/\/www.reveeveille.net\/candelhospitalet\/wp-json\/wp\/v2\/media\/1932"}],"wp:attachment":[{"href":"https:\/\/www.reveeveille.net\/candelhospitalet\/wp-json\/wp\/v2\/media?parent=1799"}],"wp:term":[{"taxonomy":"category","embeddable":true,"href":"https:\/\/www.reveeveille.net\/candelhospitalet\/wp-json\/wp\/v2\/categories?post=1799"},{"taxonomy":"post_tag","embeddable":true,"href":"https:\/\/www.reveeveille.net\/candelhospitalet\/wp-json\/wp\/v2\/tags?post=1799"}],"curies":[{"name":"wp","href":"https:\/\/api.w.org\/{rel}","templated":true}]}}