{"id":1794,"date":"2022-10-02T09:52:49","date_gmt":"2022-10-02T09:52:49","guid":{"rendered":"https:\/\/www.reveeveille.net\/candelhospitalet\/wordpress\/?p=1794"},"modified":"2022-10-02T09:52:51","modified_gmt":"2022-10-02T09:52:51","slug":"le-trescol-de-solperiere","status":"publish","type":"post","link":"https:\/\/www.reveeveille.net\/candelhospitalet\/le-trescol-de-solperiere\/","title":{"rendered":"Le trescol de Solp\u00e9ri\u00e8re"},"content":{"rendered":"\n<p>Dans un de ses nombreux \u00e9crits, <a href=\"https:\/\/www.reveeveille.net\/candelhospitalet\/?p=544\" data-type=\"post\" data-id=\"544\">Camille Hugues<\/a> situe \u00ab\u00a0un b\u00e2timent gallo-romain dans lequel on trouve des briques, des tessons de poteries grossi\u00e8res et des c\u00e9ramiques \u00e0 vernis rouge\u00a0\u00bb dans un endroit appel\u00e9 le \u00ab\u00a0Trescol de Solp\u00e9ri\u00e8re\u00a0\u00bb. Si la logique m\u00e8ne \u00e0 penser qu&rsquo;il s&rsquo;agit simplement d&rsquo;une autre appellation du <a href=\"https:\/\/www.reveeveille.net\/candelhospitalet\/?p=1787\" data-type=\"post\" data-id=\"1787\">col de Solp\u00e9ri\u00e8re<\/a>, il n&rsquo;est pas interdit de s&rsquo;interroger plus pr\u00e9cis\u00e9ment sur l&rsquo;origine de ce terme pour en \u00eatre bien certains.<\/p>\n\n\n\n<h3 class=\"wp-block-heading\">Trescol, \u00e9tymologie<\/h3>\n\n\n\n<p>Voici un texte de <a href=\"mailto:michel.debrebisson@wanadoo.fr\">Michel de Br\u00e9bisson<\/a>, trouv\u00e9 sur le site <a href=\"http:\/\/www.centcols.org\/toponymie\/reflexions_sur_coulet_etc.htm\">http:\/\/www.centcols.org<\/a>, rubrique \u00ab\u00a0Toponymie\u00a0\u00bb.<\/p>\n\n\n\n<p><em>\u00ab\u00a0Tracol\u00a0\u00bb et \u00ab\u00a0trescol\u00a0\u00bb sont un m\u00eame mot : \u00ab\u00a0tra-col\u00a0\u00bb ou \u00ab\u00a0tres-col\u00a0\u00bb. Comme en fran\u00e7ais o\u00f9 l\u2019on a \u00ab\u00a0tra-verser\u00a0\u00bb et \u00ab\u00a0tres-passer\u00a0\u00bb qui, \u00e0 l&rsquo;origine, avait le m\u00eame sens. Pourquoi des \u00ab\u00a0tracol\u00a0\u00bb en Ard\u00e9che essentiellement ? Habitudes, \u00e9volution de la langue ? Le pr\u00e9fixe \u00ab\u00a0tra\u00a0\u00bb existe cependant un peu partout pour d&rsquo;autres mots. Il y en a un connu de tous, \u00ab\u00a0la tramontane\u00a0\u00bb. On trouve plus localement \u00ab\u00a0tra lou serre\u00a0\u00bb, \u00ab\u00a0tra la crous\u00a0\u00bb (au-del\u00e0 de la croix; on prononce le \u00ab\u00a0s\u00a0\u00bb \u00e0 la fin) et on pourrait r\u00e9fl\u00e9chir au nom de la grotte de \u00ab\u00a0Trabuc\u00a0\u00bb&#8230;(situ\u00e9e dans le Gard \u00e0 15 km sud-ouest d&rsquo;Al\u00e8s).<\/em><\/p>\n\n\n\n<p><em>Prenons maintenant le terme \u00ab\u00a0Trescol\u00a0\u00bb qui figure dans le Chauvot avec des localisations dans les d\u00e9partements de l&rsquo;Aveyron, du Gard et de l&rsquo;H\u00e9rault. Ce terme, que l&rsquo;on trouve sur les cartes ign au 25000<sup>\u00e8me<\/sup>, ne figure dans aucun des dictionnaires classiques ou g\u00e9ographiques. Voici ce que j&rsquo;ai pu trouver \u00e0 son sujet :<\/em><\/p>\n\n\n\n<p><em>1)<\/em> <em>A. P\u00e9gorier donne dans son glossaire \u00ab\u00a0Trecol, trecou\u00a0\u00bb : point culminant d&rsquo;une montagne, sommet &#8211; Alpes, Languedoc, (je n&rsquo;ai jamais rien trouv\u00e9 de tel dans les Alpes, ni dans le Languedoc, mais je connais moins bien),<\/em><\/p>\n\n\n\n<p><em>2)<\/em> <em>Alibert dans son dictionnaire Occitan-Fran\u00e7ais donne \u00ab\u00a0Trescol\u00a0\u00bb : point culminant, sommet, horizon, coucher d&rsquo;un astre (tr\u00e8s curieux, mais voir 4 a),<\/em><\/p>\n\n\n\n<p><em>3)<\/em> <em>sur le terrain, les \u00ab\u00a0Trescol\u00a0\u00bb des cartes ign se pr\u00e9sentent comme des mentions pouvant d\u00e9signer aussi bien les cols que les hameaux tr\u00e8s proches de ces cols g\u00e9ographiques, g\u00e9n\u00e9ralement une centaine de m\u00e8tres (cf. 4b),<\/em><\/p>\n\n\n\n<p><em>4)<\/em> <em>deux discussions avec des patoisants, d&rsquo;o\u00f9 il ressort :<\/em><\/p>\n\n\n\n<p><em>a)<\/em> <em>un patoisant de 93 ans (du Tarn, en limite de l&rsquo;Aveyron) s&rsquo;insurge parce que la municipalit\u00e9 a donn\u00e9 le nom de \u00ab\u00a0trescol\u00a0\u00bb \u00e0 un quartier situ\u00e9 \u00e0 l&rsquo;est : \u00ab\u00a0c&rsquo;est une erreur, il aurait fallu qu&rsquo;il fut situ\u00e9 \u00e0 l&rsquo;ouest, l\u00e0 o\u00f9 le soleil se couche\u00a0\u00bb !<\/em><\/p>\n\n\n\n<p><em>b)<\/em> <em>un patoisant c\u00e9venol en Ard\u00e8che (originaire du Gard) me d\u00e9clare que ce mot lui est parfaitement connu et d\u00e9signe \u00ab\u00a0ce qui est en de\u00e7\u00e0 du col que l&rsquo;on traverse\u00a0\u00bb, donc le hameau proche, mais identifie parfaitement la pr\u00e9sence d&rsquo;un col !<\/em><\/p>\n\n\n\n<p>Dans le cas qui nous int\u00e9resse, le \u00ab\u00a0Trescol de Solp\u00e9ri\u00e8re\u00a0\u00bb, quelle signification choisir ? Un \u00e9crit de Bernard Pommel dans le m\u00eame site pr\u00e9cise :<\/p>\n\n\n\n<p><em>Au niveau des patronymes, la concentration ard\u00e9choise est encore plus forte que dans le cas des COULET : en 2000, 80 des 399 TRACOL inscrits sur l&rsquo; annuaire en France sont ard\u00e9chois (et 116 dr\u00f4mois). La base de donn\u00e9es g\u00e9n\u00e9alogiques 3617 RACINA donne 5 r\u00e9f\u00e9rences ant\u00e9rieures \u00e0 1820 de gens nomm\u00e9s TRACOL, dont 4 r\u00e9f\u00e9rences ard\u00e9choises, l&rsquo;une \u00e9tant localis\u00e9e \u00e0 Preaux en 1464 !<\/em><\/p>\n\n\n\n<p><em>\u00ab\u00a0Lo Cercaire\u00a0\u00bb qui a men\u00e9 une \u00e9tude sur l&rsquo;annuaire ard\u00e9chois il y a dix ans (2), note de plus qu&rsquo;\u00e0 l&rsquo;exception d&rsquo;un cas, tous les TRACOL retrouv\u00e9s \u00e0 cette \u00e9poque habitaient dans le Haut Vivarais, ce qui confirme bien l&rsquo; \u00e9tymologie : TRACOL doit se comprendre \u00ab\u00a0tras col\u00a0\u00bb, litt\u00e9ralement au-del\u00e0 du col, au travers du col, passer le col; d&rsquo;o\u00f9 le verbe occitan \u00ab\u00a0tracolar \/ trecolar\u00a0\u00bb, qui se prononce \u00ab\u00a0trakoula, tr\u00e9koula, tr\u00e9kola\u00a0\u00bb qui signifie \u00ab\u00a0passer derri\u00e8re le mont\u00a0\u00bb : le soleil \u00ab\u00a0tr\u00e8coule\u00a0\u00bb&#8230; Ou bien, au sens figur\u00e9 passer au-del\u00e0, dispara\u00eetre, d\u00e9c\u00e9der. \u00ab\u00a0L&rsquo;ome de la Loisa a trecolat&#8230;\u00a0\u00bb : \u00ab\u00a0le mari de la Louise est pass\u00e9 de l&rsquo;autre c\u00f4t\u00e9\u00a0\u00bb trouve-t-on dans le dictionnaire \u00ab\u00a0L&rsquo;Occitan &#8211; Nord Vivarais\u00a0\u00bb (\u00e0 rapprocher de l&rsquo;expression employ\u00e9e dans notre club \u00ab\u00a0il a franchi son dernier col\u00a0\u00bb&#8230;). Je l&rsquo;ai entendu employ\u00e9 dans un sens affaibli de passer au travers, traverser : \u00ab\u00a0j&rsquo;ai tracoul\u00e9 vers Fabras&#8230;\u00a0\u00bb.<\/em><\/p>\n\n\n\n<p><em>\u00ab\u00a0Lo Cercaire\u00a0\u00bb pr\u00e9cise : \u00ab\u00a0ce qu&rsquo;\u00e9voque TRACOL, c&rsquo;est l&rsquo;habitant d&rsquo;une maison blottie pr\u00e8s du col, g\u00e9n\u00e9ralement du c\u00f4t\u00e9 sud\u00a0\u00bb. Ceci est particuli\u00e8rement visible dans le cas des TRACOLS 07-0400, 07-0640, 07-0971 pour lesquels la carte 1\/25000\u00b0 montre bien que le lieu-dit est l\u00e9g\u00e8rement en dessous du col \u00e0 proprement parler ; de m\u00eame pour les TRACOLS situ\u00e9s l&rsquo;un 1 km en dessous du Col de Mezilhac, l&rsquo;autre \u00e0 200 m du Col de Juvenet, ces deux TRACOLS n&rsquo;\u00e9tant \u00e0 juste titre pas homologu\u00e9s comme cols.<\/em><\/p>\n\n\n\n<p>Si Tracol et Trescol d\u00e9signent bien la m\u00eame chose, il faudrait plut\u00f4t y voir donc un b\u00e2timent situ\u00e9 \u00ab\u00a0au del\u00e0\u00a0\u00bb du col de Solp\u00e9ri\u00e8re. Mais plusieurs questions restent pos\u00e9es : au del\u00e0&#8230; vu depuis o\u00f9 ? Depuis Salgas ? Depuis L&rsquo;Hospitalet ? Si on garde l&rsquo;hypoth\u00e8se d&rsquo;une localisation versant sud, il s&rsquo;agirait d&rsquo;un endroit situ\u00e9 sous le col en descendant vers le hameau de Solp\u00e9ri\u00e8re, \u00e0 une centaine de m\u00e8tres au plus&#8230; mais d&rsquo;autres r\u00e9f\u00e9rences bibliographiques concernant la villa gallo-romaine la situent entre le col de Solp\u00e9ri\u00e8re et l&rsquo;Hospitalet. S&rsquo;il s&rsquo;agit de la m\u00eame villa que celle \u00e9voqu\u00e9e en t\u00eate de cet article, Trescol serait ce m\u00eame endroit, et serait donc \u00ab\u00a0vu\u00a0\u00bb depuis Salgas&#8230;<\/p>\n\n\n\n<p>Si tout ceci est av\u00e9r\u00e9, le nom de Trescol date-t-il de la fameuse villa gallo-romaine qui aurait \u00e9t\u00e9 install\u00e9e sur ce site ? Tout cela est \u00e0 recouper et v\u00e9rifier !<\/p>\n\n\n\n<iframe loading=\"lazy\" src=\"https:\/\/www.reveeveille.net\/geoportail\/cartepublique.aspx?idecrit=187\" width=\"100%\" height=\"400\"><\/iframe>\n","protected":false},"excerpt":{"rendered":"<p>Dans un de ses nombreux \u00e9crits, Camille Hugues situe \u00ab\u00a0un b\u00e2timent gallo-romain dans lequel on trouve des briques, des tessons de poteries grossi\u00e8res et des c\u00e9ramiques \u00e0 vernis rouge\u00a0\u00bb dans&hellip; <\/p>\n","protected":false},"author":3,"featured_media":1978,"comment_status":"open","ping_status":"open","sticky":false,"template":"","format":"standard","meta":{"_monsterinsights_skip_tracking":false,"_monsterinsights_sitenote_active":false,"_monsterinsights_sitenote_note":"","_monsterinsights_sitenote_category":0,"footnotes":""},"categories":[106],"tags":[55],"class_list":["post-1794","post","type-post","status-publish","format-standard","has-post-thumbnail","hentry","category-lieu","tag-fau-florit"],"_links":{"self":[{"href":"https:\/\/www.reveeveille.net\/candelhospitalet\/wp-json\/wp\/v2\/posts\/1794","targetHints":{"allow":["GET"]}}],"collection":[{"href":"https:\/\/www.reveeveille.net\/candelhospitalet\/wp-json\/wp\/v2\/posts"}],"about":[{"href":"https:\/\/www.reveeveille.net\/candelhospitalet\/wp-json\/wp\/v2\/types\/post"}],"author":[{"embeddable":true,"href":"https:\/\/www.reveeveille.net\/candelhospitalet\/wp-json\/wp\/v2\/users\/3"}],"replies":[{"embeddable":true,"href":"https:\/\/www.reveeveille.net\/candelhospitalet\/wp-json\/wp\/v2\/comments?post=1794"}],"version-history":[{"count":3,"href":"https:\/\/www.reveeveille.net\/candelhospitalet\/wp-json\/wp\/v2\/posts\/1794\/revisions"}],"predecessor-version":[{"id":3778,"href":"https:\/\/www.reveeveille.net\/candelhospitalet\/wp-json\/wp\/v2\/posts\/1794\/revisions\/3778"}],"wp:featuredmedia":[{"embeddable":true,"href":"https:\/\/www.reveeveille.net\/candelhospitalet\/wp-json\/wp\/v2\/media\/1978"}],"wp:attachment":[{"href":"https:\/\/www.reveeveille.net\/candelhospitalet\/wp-json\/wp\/v2\/media?parent=1794"}],"wp:term":[{"taxonomy":"category","embeddable":true,"href":"https:\/\/www.reveeveille.net\/candelhospitalet\/wp-json\/wp\/v2\/categories?post=1794"},{"taxonomy":"post_tag","embeddable":true,"href":"https:\/\/www.reveeveille.net\/candelhospitalet\/wp-json\/wp\/v2\/tags?post=1794"}],"curies":[{"name":"wp","href":"https:\/\/api.w.org\/{rel}","templated":true}]}}