{"id":1790,"date":"2022-10-02T09:52:15","date_gmt":"2022-10-02T09:52:15","guid":{"rendered":"https:\/\/www.reveeveille.net\/candelhospitalet\/wordpress\/?p=1790"},"modified":"2025-01-19T10:43:20","modified_gmt":"2025-01-19T10:43:20","slug":"fau-florit","status":"publish","type":"post","link":"https:\/\/www.reveeveille.net\/candelhospitalet\/fau-florit\/","title":{"rendered":"Fau florit"},"content":{"rendered":"\n<p>\u00ab\u00a0Fau florit\u00a0\u00bb est une avanc\u00e9e pointue qui se d\u00e9tache du plateau des cans au niveau du <a href=\"https:\/\/www.reveeveille.net\/candelhospitalet\/?p=1780\">col des Fa\u00efsses<\/a> en direction du nord-est. Le nom signifie \u00ab\u00a0Les h\u00eatres en fleur\u00a0\u00bb. Cette appellation rappelle qu&rsquo;avant le moyen-\u00e2ge et ses d\u00e9forestations intensives, les alentours \u00e9taient couverts d&rsquo;un bois de h\u00eatres, dont il reste d&rsquo;ailleurs des lambeaux sur les flancs nord de cette petite can.<\/p>\n\n\n\n<p>Fau Florit est un endroit charmant, entrelac de jolies prairies bien entretenues, de chemins bord\u00e9s de haies et de bosquets arbor\u00e9s. Il faut pourtant \u00eatre volontaire pour d\u00e9couvrir ce coin de plateau, car l&rsquo;acc\u00e8s n&rsquo;en est pas ais\u00e9, et aucun chemin balis\u00e9 ne le traverse.<\/p>\n\n\n\n<p>Malgr\u00e9 sa petite taille, Fau Florit est en quelque sorte un des \u00ab\u00a0hauts-lieux\u00a0\u00bb sp\u00e9l\u00e9ologiques de la can de l&rsquo;Hospitalet : son versant nord est riche de trois grottes relativement importantes (toutes proportions gard\u00e9es) : l&rsquo;<a href=\"https:\/\/www.reveeveille.net\/candelhospitalet\/?p=1796\">Aven de Pommaret<\/a>, la <a href=\"https:\/\/www.reveeveille.net\/candelhospitalet\/?p=42\">Grotte de Nozi\u00e8re<\/a> et la <a href=\"https:\/\/www.reveeveille.net\/candelhospitalet\/?p=605\">Grotte des Farous<\/a>. Une autre se trouve au <a href=\"https:\/\/www.reveeveille.net\/candelhospitalet\/?p=1780\">col des Fa\u00efsses<\/a>, une plus petite \u00e0 <a href=\"https:\/\/www.reveeveille.net\/candelhospitalet\/?p=767\">Solp\u00e9ri\u00e8re<\/a>&#8230; et il en existe certainement d&rsquo;autres !<\/p>\n\n\n<div class=\"pt-cv-wrapper\"><div class=\"pt-cv-view pt-cv-grid pt-cv-colsys\" id=\"pt-cv-view-ef3d0e3w09\"><div data-id=\"pt-cv-page-1\" class=\"pt-cv-page\" data-cvc=\"2\"><div class=\"col-md-6 col-sm-6 col-xs-12 pt-cv-content-item pt-cv-1-col\" ><div class='pt-cv-ifield'><a href=\"https:\/\/www.reveeveille.net\/candelhospitalet\/laven-de-pommaret\/\" class=\"_self pt-cv-href-thumbnail pt-cv-thumb-default\" target=\"_self\" ><img loading=\"lazy\" decoding=\"async\" width=\"150\" height=\"150\" src=\"https:\/\/www.reveeveille.net\/candelhospitalet\/wp-content\/uploads\/2021\/07\/20051025_fau_florit_aven_depommaret_2-150x150.jpg\" class=\"pt-cv-thumbnail\" alt=\"\" \/><\/a>\n<h4 class=\"pt-cv-title\"><a href=\"https:\/\/www.reveeveille.net\/candelhospitalet\/laven-de-pommaret\/\" class=\"_self\" target=\"_self\" >L&rsquo;aven de Pommaret<\/a><\/h4>\n<div class=\"pt-cv-content\">L'aven de Pommaret est indiqu\u00e9 sur la carte IGN. Il est situ\u00e9 au sommet du versant nord du vallon du ...<br \/><div class=\"pt-cv-rmwrap\"><a href=\"https:\/\/www.reveeveille.net\/candelhospitalet\/laven-de-pommaret\/\" class=\"_self pt-cv-readmore btn btn-success\" target=\"_self\">Lire<\/a><\/div><\/div><\/div><\/div>\n<div class=\"col-md-6 col-sm-6 col-xs-12 pt-cv-content-item pt-cv-1-col\" ><div class='pt-cv-ifield'><a href=\"https:\/\/www.reveeveille.net\/candelhospitalet\/la-grotte-de-solperiere\/\" class=\"_self pt-cv-href-thumbnail pt-cv-thumb-default\" target=\"_self\" ><img loading=\"lazy\" decoding=\"async\" width=\"150\" height=\"150\" src=\"https:\/\/www.reveeveille.net\/candelhospitalet\/wp-content\/uploads\/2021\/07\/20100418_baume_dolente_claire_et_julien_sandra_et_pierre_15-150x150.jpg\" class=\"pt-cv-thumbnail\" alt=\"\" \/><\/a>\n<h4 class=\"pt-cv-title\"><a href=\"https:\/\/www.reveeveille.net\/candelhospitalet\/la-grotte-de-solperiere\/\" class=\"_self\" target=\"_self\" >La grotte de Solp\u00e9ri\u00e8re<\/a><\/h4>\n<div class=\"pt-cv-content\">Depuis des ann\u00e9es j'entendais parler de la \"grotte de Solp\u00e9ri\u00e8re\", mais d'une mani\u00e8re floue, faisant appara\u00eetre des informations contradictoires. Selon ...<br \/><div class=\"pt-cv-rmwrap\"><a href=\"https:\/\/www.reveeveille.net\/candelhospitalet\/la-grotte-de-solperiere\/\" class=\"_self pt-cv-readmore btn btn-success\" target=\"_self\">Lire<\/a><\/div><\/div><\/div><\/div>\n<div class=\"col-md-6 col-sm-6 col-xs-12 pt-cv-content-item pt-cv-1-col\" ><div class='pt-cv-ifield'><a href=\"https:\/\/www.reveeveille.net\/candelhospitalet\/la-grotte-des-faisses\/\" class=\"_self pt-cv-href-thumbnail pt-cv-thumb-default\" target=\"_self\" ><img loading=\"lazy\" decoding=\"async\" width=\"150\" height=\"150\" src=\"https:\/\/www.reveeveille.net\/candelhospitalet\/wp-content\/uploads\/2021\/07\/20100407_prospection_col_des_faisses_01-150x150.jpg\" class=\"pt-cv-thumbnail\" alt=\"\" \/><\/a>\n<h4 class=\"pt-cv-title\"><a href=\"https:\/\/www.reveeveille.net\/candelhospitalet\/la-grotte-des-faisses\/\" class=\"_self\" target=\"_self\" >La grotte du col des Fa\u00efsses<\/a><\/h4>\n<div class=\"pt-cv-content\">Comme la plupart des grottes de Fau Florit, la grotte du col des Fa\u00efsses s'ouvre sous la forme d'un toboggan ...<br \/><div class=\"pt-cv-rmwrap\"><a href=\"https:\/\/www.reveeveille.net\/candelhospitalet\/la-grotte-des-faisses\/\" class=\"_self pt-cv-readmore btn btn-success\" target=\"_self\">Lire<\/a><\/div><\/div><\/div><\/div>\n<div class=\"col-md-6 col-sm-6 col-xs-12 pt-cv-content-item pt-cv-1-col\" ><div class='pt-cv-ifield'><a href=\"https:\/\/www.reveeveille.net\/candelhospitalet\/le-trescol-de-solperiere\/\" class=\"_self pt-cv-href-thumbnail pt-cv-thumb-default\" target=\"_self\" ><img loading=\"lazy\" decoding=\"async\" width=\"150\" height=\"150\" src=\"https:\/\/www.reveeveille.net\/candelhospitalet\/wp-content\/uploads\/2021\/07\/20100722_prospection_col_des_faisses_07-150x150.jpg\" class=\"pt-cv-thumbnail\" alt=\"\" \/><\/a>\n<h4 class=\"pt-cv-title\"><a href=\"https:\/\/www.reveeveille.net\/candelhospitalet\/le-trescol-de-solperiere\/\" class=\"_self\" target=\"_self\" >Le trescol de Solp\u00e9ri\u00e8re<\/a><\/h4>\n<div class=\"pt-cv-content\">Dans un de ses nombreux \u00e9crits, Camille Hugues situe \"un b\u00e2timent gallo-romain dans lequel on trouve des briques, des tessons ...<br \/><div class=\"pt-cv-rmwrap\"><a href=\"https:\/\/www.reveeveille.net\/candelhospitalet\/le-trescol-de-solperiere\/\" class=\"_self pt-cv-readmore btn btn-success\" target=\"_self\">Lire<\/a><\/div><\/div><\/div><\/div>\n<div class=\"col-md-6 col-sm-6 col-xs-12 pt-cv-content-item pt-cv-1-col\" ><div class='pt-cv-ifield'><a href=\"https:\/\/www.reveeveille.net\/candelhospitalet\/le-col-de-solperiere\/\" class=\"_self pt-cv-href-thumbnail pt-cv-thumb-default\" target=\"_self\" ><img loading=\"lazy\" decoding=\"async\" width=\"150\" height=\"150\" src=\"https:\/\/www.reveeveille.net\/candelhospitalet\/wp-content\/uploads\/2021\/07\/20060528_pesquie_entree_cardinale-150x150.jpg\" class=\"pt-cv-thumbnail\" alt=\"\" \/><\/a>\n<h4 class=\"pt-cv-title\"><a href=\"https:\/\/www.reveeveille.net\/candelhospitalet\/le-col-de-solperiere\/\" class=\"_self\" target=\"_self\" >Le col de Solp\u00e9ri\u00e8re<\/a><\/h4>\n<div class=\"pt-cv-content\">Le col de Solp\u00e9ri\u00e8re est un lambeau de calcaire tr\u00e8s \u00e9troit qui fait le lien entre la can de l'Hospitalet ...<br \/><div class=\"pt-cv-rmwrap\"><a href=\"https:\/\/www.reveeveille.net\/candelhospitalet\/le-col-de-solperiere\/\" class=\"_self pt-cv-readmore btn btn-success\" target=\"_self\">Lire<\/a><\/div><\/div><\/div><\/div>\n<div class=\"col-md-6 col-sm-6 col-xs-12 pt-cv-content-item pt-cv-1-col\" ><div class='pt-cv-ifield'><a href=\"https:\/\/www.reveeveille.net\/candelhospitalet\/le-jardin-de-dieu\/\" class=\"_self pt-cv-href-thumbnail pt-cv-thumb-default\" target=\"_self\" ><img loading=\"lazy\" decoding=\"async\" width=\"150\" height=\"150\" src=\"https:\/\/www.reveeveille.net\/candelhospitalet\/wp-content\/uploads\/2021\/07\/20060528_hort_de_dieu_vallee_francaise-150x150.jpg\" class=\"pt-cv-thumbnail\" alt=\"\" \/><\/a>\n<h4 class=\"pt-cv-title\"><a href=\"https:\/\/www.reveeveille.net\/candelhospitalet\/le-jardin-de-dieu\/\" class=\"_self\" target=\"_self\" >Le jardin de Dieu<\/a><\/h4>\n<div class=\"pt-cv-content\">\"L'hort de Dieu\"... le jardin de dieu en occitan, hortus dei en latin. Ne pas confondre cet Hort de Dieu ...<br \/><div class=\"pt-cv-rmwrap\"><a href=\"https:\/\/www.reveeveille.net\/candelhospitalet\/le-jardin-de-dieu\/\" class=\"_self pt-cv-readmore btn btn-success\" target=\"_self\">Lire<\/a><\/div><\/div><\/div><\/div>\n<div class=\"col-md-6 col-sm-6 col-xs-12 pt-cv-content-item pt-cv-1-col\" ><div class='pt-cv-ifield'><a href=\"https:\/\/www.reveeveille.net\/candelhospitalet\/le-col-des-faisses\/\" class=\"_self pt-cv-href-thumbnail pt-cv-thumb-default\" target=\"_self\" ><img loading=\"lazy\" decoding=\"async\" width=\"150\" height=\"150\" src=\"https:\/\/www.reveeveille.net\/candelhospitalet\/wp-content\/uploads\/2021\/07\/20100722_prospection_col_des_faisses_07-150x150.jpg\" class=\"pt-cv-thumbnail\" alt=\"\" \/><\/a>\n<h4 class=\"pt-cv-title\"><a href=\"https:\/\/www.reveeveille.net\/candelhospitalet\/le-col-des-faisses\/\" class=\"_self\" target=\"_self\" >Le col des Fa\u00efsses<\/a><\/h4>\n<div class=\"pt-cv-content\">Le vrai col Le col des Fa\u00efsses est, avec 1004 m\u00e8tres, le point \u00e0 l'altitude la plus basse de la ...<br \/><div class=\"pt-cv-rmwrap\"><a href=\"https:\/\/www.reveeveille.net\/candelhospitalet\/le-col-des-faisses\/\" class=\"_self pt-cv-readmore btn btn-success\" target=\"_self\">Lire<\/a><\/div><\/div><\/div><\/div>\n<div class=\"col-md-6 col-sm-6 col-xs-12 pt-cv-content-item pt-cv-1-col\" ><div class='pt-cv-ifield'><a href=\"https:\/\/www.reveeveille.net\/candelhospitalet\/la-route-cardinale\/\" class=\"_self pt-cv-href-thumbnail pt-cv-thumb-default\" target=\"_self\" ><img loading=\"lazy\" decoding=\"async\" width=\"150\" height=\"150\" src=\"https:\/\/www.reveeveille.net\/candelhospitalet\/wp-content\/uploads\/2021\/07\/20060528_pesquie_entree_cardinale-150x150.jpg\" class=\"pt-cv-thumbnail\" alt=\"\" \/><\/a>\n<h4 class=\"pt-cv-title\"><a href=\"https:\/\/www.reveeveille.net\/candelhospitalet\/la-route-cardinale\/\" class=\"_self\" target=\"_self\" >La route Cardinale<\/a><\/h4>\n<div class=\"pt-cv-content\">La route Cardinale, ou c\u00f4te Cardinale, est une petite route raide et tortueuse qui monte de Salgas vers la can ...<br \/><div class=\"pt-cv-rmwrap\"><a href=\"https:\/\/www.reveeveille.net\/candelhospitalet\/la-route-cardinale\/\" class=\"_self pt-cv-readmore btn btn-success\" target=\"_self\">Lire<\/a><\/div><\/div><\/div><\/div>\n<div class=\"col-md-6 col-sm-6 col-xs-12 pt-cv-content-item pt-cv-1-col\" ><div class='pt-cv-ifield'><a href=\"https:\/\/www.reveeveille.net\/candelhospitalet\/laven-rebouche-du-col-des-faisses\/\" class=\"_self pt-cv-href-thumbnail pt-cv-thumb-default\" target=\"_self\" ><img loading=\"lazy\" decoding=\"async\" width=\"150\" height=\"150\" src=\"https:\/\/www.reveeveille.net\/candelhospitalet\/wp-content\/uploads\/2021\/07\/20060429_hospitalet_grotte_varriere_faisse-150x150.jpg\" class=\"pt-cv-thumbnail\" alt=\"\" \/><\/a>\n<h4 class=\"pt-cv-title\"><a href=\"https:\/\/www.reveeveille.net\/candelhospitalet\/laven-rebouche-du-col-des-faisses\/\" class=\"_self\" target=\"_self\" >L&rsquo;aven rebouch\u00e9 du col des fa\u00efsses<\/a><\/h4>\n<div class=\"pt-cv-content\">Descendre la piste qui part du col des Fa\u00efsses sur quelques centaines de m\u00e8tres vers le sud, en direction de ...<br \/><div class=\"pt-cv-rmwrap\"><a href=\"https:\/\/www.reveeveille.net\/candelhospitalet\/laven-rebouche-du-col-des-faisses\/\" class=\"_self pt-cv-readmore btn btn-success\" target=\"_self\">Lire<\/a><\/div><\/div><\/div><\/div>\n<div class=\"col-md-6 col-sm-6 col-xs-12 pt-cv-content-item pt-cv-1-col\" ><div class='pt-cv-ifield'><a href=\"https:\/\/www.reveeveille.net\/candelhospitalet\/la-grotte-des-farous\/\" class=\"_self pt-cv-href-thumbnail pt-cv-thumb-default\" target=\"_self\" ><img loading=\"lazy\" decoding=\"async\" width=\"150\" height=\"150\" src=\"https:\/\/www.reveeveille.net\/candelhospitalet\/wp-content\/uploads\/2021\/07\/20051121_anniv_nils_grotte_faroux_brunelle-150x150.jpg\" class=\"pt-cv-thumbnail\" alt=\"\" \/><\/a>\n<h4 class=\"pt-cv-title\"><a href=\"https:\/\/www.reveeveille.net\/candelhospitalet\/la-grotte-des-farous\/\" class=\"_self\" target=\"_self\" >La grotte des Farous<\/a><\/h4>\n<div class=\"pt-cv-content\">Lorsqu'on observe la Terre depuis la Lune, par une nuit sans nuages, on aper\u00e7oit une immense masse continentale h\u00e9riss\u00e9e de ...<br \/><div class=\"pt-cv-rmwrap\"><a href=\"https:\/\/www.reveeveille.net\/candelhospitalet\/la-grotte-des-farous\/\" class=\"_self pt-cv-readmore btn btn-success\" target=\"_self\">Lire<\/a><\/div><\/div><\/div><\/div>\n<div class=\"col-md-6 col-sm-6 col-xs-12 pt-cv-content-item pt-cv-1-col\" ><div class='pt-cv-ifield'><a href=\"https:\/\/www.reveeveille.net\/candelhospitalet\/la-grotte-de-noziere\/\" class=\"_self pt-cv-href-thumbnail pt-cv-thumb-default\" target=\"_self\" ><img loading=\"lazy\" decoding=\"async\" width=\"150\" height=\"150\" src=\"https:\/\/www.reveeveille.net\/candelhospitalet\/wp-content\/uploads\/2021\/07\/20050905_grotte_noziere_trou_sol-150x150.jpg\" class=\"pt-cv-thumbnail\" alt=\"\" \/><\/a>\n<h4 class=\"pt-cv-title\"><a href=\"https:\/\/www.reveeveille.net\/candelhospitalet\/la-grotte-de-noziere\/\" class=\"_self\" target=\"_self\" >La grotte de Nozi\u00e8re<\/a><\/h4>\n<div class=\"pt-cv-content\">La grotte de Nozi\u00e8re est difficile \u00e0 trouver. Elle est situ\u00e9e sur un \u00e9paulement peu marqu\u00e9 qui descend de la ...<br \/><div class=\"pt-cv-rmwrap\"><a href=\"https:\/\/www.reveeveille.net\/candelhospitalet\/la-grotte-de-noziere\/\" class=\"_self pt-cv-readmore btn btn-success\" target=\"_self\">Lire<\/a><\/div><\/div><\/div><\/div><\/div><\/div><\/div>\n\n\n\n<iframe loading=\"lazy\" src=\"https:\/\/www.reveeveille.net\/geoportail\/cartepublique.aspx?idecrit=140\" width=\"100%\" height=\"400\"><\/iframe>\n","protected":false},"excerpt":{"rendered":"<p>\u00ab\u00a0Fau florit\u00a0\u00bb est une avanc\u00e9e pointue qui se d\u00e9tache du plateau des cans au niveau du col des Fa\u00efsses en direction du nord-est. Le nom signifie \u00ab\u00a0Les h\u00eatres en fleur\u00a0\u00bb.&hellip; <\/p>\n","protected":false},"author":3,"featured_media":1929,"comment_status":"open","ping_status":"open","sticky":false,"template":"","format":"standard","meta":{"_monsterinsights_skip_tracking":false,"_monsterinsights_sitenote_active":false,"_monsterinsights_sitenote_note":"","_monsterinsights_sitenote_category":0,"footnotes":""},"categories":[10],"tags":[],"class_list":["post-1790","post","type-post","status-publish","format-standard","has-post-thumbnail","hentry","category-les-lieux"],"_links":{"self":[{"href":"https:\/\/www.reveeveille.net\/candelhospitalet\/wp-json\/wp\/v2\/posts\/1790","targetHints":{"allow":["GET"]}}],"collection":[{"href":"https:\/\/www.reveeveille.net\/candelhospitalet\/wp-json\/wp\/v2\/posts"}],"about":[{"href":"https:\/\/www.reveeveille.net\/candelhospitalet\/wp-json\/wp\/v2\/types\/post"}],"author":[{"embeddable":true,"href":"https:\/\/www.reveeveille.net\/candelhospitalet\/wp-json\/wp\/v2\/users\/3"}],"replies":[{"embeddable":true,"href":"https:\/\/www.reveeveille.net\/candelhospitalet\/wp-json\/wp\/v2\/comments?post=1790"}],"version-history":[{"count":7,"href":"https:\/\/www.reveeveille.net\/candelhospitalet\/wp-json\/wp\/v2\/posts\/1790\/revisions"}],"predecessor-version":[{"id":4150,"href":"https:\/\/www.reveeveille.net\/candelhospitalet\/wp-json\/wp\/v2\/posts\/1790\/revisions\/4150"}],"wp:featuredmedia":[{"embeddable":true,"href":"https:\/\/www.reveeveille.net\/candelhospitalet\/wp-json\/wp\/v2\/media\/1929"}],"wp:attachment":[{"href":"https:\/\/www.reveeveille.net\/candelhospitalet\/wp-json\/wp\/v2\/media?parent=1790"}],"wp:term":[{"taxonomy":"category","embeddable":true,"href":"https:\/\/www.reveeveille.net\/candelhospitalet\/wp-json\/wp\/v2\/categories?post=1790"},{"taxonomy":"post_tag","embeddable":true,"href":"https:\/\/www.reveeveille.net\/candelhospitalet\/wp-json\/wp\/v2\/tags?post=1790"}],"curies":[{"name":"wp","href":"https:\/\/api.w.org\/{rel}","templated":true}]}}