{"id":1783,"date":"2022-10-02T09:51:17","date_gmt":"2022-10-02T09:51:17","guid":{"rendered":"https:\/\/www.reveeveille.net\/candelhospitalet\/wordpress\/?p=1783"},"modified":"2022-10-02T09:51:20","modified_gmt":"2022-10-02T09:51:20","slug":"le-jardin-de-dieu","status":"publish","type":"post","link":"https:\/\/www.reveeveille.net\/candelhospitalet\/le-jardin-de-dieu\/","title":{"rendered":"Le jardin de Dieu"},"content":{"rendered":"\n<p>\u00ab\u00a0L&rsquo;hort de Dieu\u00a0\u00bb&#8230; le jardin de dieu en occitan, <em>hortus dei<\/em> en latin. Ne pas confondre cet Hort de Dieu l\u00e0 avec celui, beaucoup plus c\u00e9l\u00e8bre, du Mont Aigoual : un arboretum cr\u00e9\u00e9 en 1902 par Georges Fabre pour tester diff\u00e9rentes esp\u00e8ces v\u00e9g\u00e9tales appropri\u00e9es au reboisement des pentes ravin\u00e9es par l&rsquo;\u00e9rosion.<\/p>\n\n\n\n<p>Dans les derni\u00e8res centaines de m\u00e8tres menant au sommet de la vall\u00e9e fran\u00e7aise, les pentes se redressent en un vaste cirque dont le fa\u00eete forme la ligne de partage des eaux Atlantique &#8211; M\u00e9diterran\u00e9e. Tout autour s&rsquo;\u00e9chelonnent des sites charg\u00e9s d&rsquo;histoire : <a href=\"https:\/\/www.reveeveille.net\/candelhospitalet\/?p=1846\">l&rsquo;Hospitalet<\/a>, le <a href=\"https:\/\/www.reveeveille.net\/candelhospitalet\/?p=1787\">col de Solp\u00e9ri\u00e8re<\/a>, le <a href=\"https:\/\/www.reveeveille.net\/candelhospitalet\/?p=1780\">col des Fa\u00efsses<\/a>, les ruines du ch\u00e2teau de <a href=\"https:\/\/www.reveeveille.net\/candelhospitalet\/?p=649\">Terre-Rouge<\/a>, la <a href=\"https:\/\/www.reveeveille.net\/candelhospitalet\/?p=1834\">can noire<\/a>, le rocher des f\u00e9es du <a href=\"https:\/\/www.reveeveille.net\/candelhospitalet\/?p=663\">Barret<\/a>. Autant de lieux connus, cartographi\u00e9s, accessibles, reli\u00e9s entre eux et au reste du monde par la route de la corniche des C\u00e9vennes ou des pistes ais\u00e9ment praticables. Mais d\u00e8s que l&rsquo;on quitte le plateau pour descendre vers l&rsquo;Hort-de-Dieu, tout ce monde dispara\u00eet pour ne laisser la place qu&rsquo;\u00e0 un univers retranch\u00e9 o\u00f9 ne r\u00e8gne que le lointain souvenir de l&rsquo;homme et de son activit\u00e9. Seul le bruit lointain des motos qui parcourent la corniche \u00e0 la recherche de sensations de libert\u00e9 en rappelle encore l&rsquo;existence.<\/p>\n\n\n\n<p>Sur une carte du XVIII\u00e8me si\u00e8cle, la can de l&rsquo;Hospitalet appara\u00eet comme une tache presque vide. Seuls quatre noms de lieux-dits y sont port\u00e9s : Saint Flour du Pompidou, l&rsquo;Hospitalet, le Rey&#8230; et l&rsquo;Hort de Dieu ! Cet endroit aujourd&rsquo;hui oubli\u00e9 aurait donc \u00e0 l&rsquo;\u00e9poque \u00e9t\u00e9 consid\u00e9r\u00e9 comme de premi\u00e8re importance. D&rsquo;o\u00f9 ma curiosit\u00e9 : qu&rsquo;y avait-il de si remarquable \u00e0 l&rsquo;\u00e9poque ? Le nom laisse penser que l&rsquo;on pouvait ici faire particuli\u00e8rement bien pousser les v\u00e9g\u00e9taux utiles \u00e0 la vie&#8230; De fait, malgr\u00e9 les pentes raides, de nombreux signes t\u00e9moignent d&rsquo;une utilisation agricole intense : les terrasses sont nombreuses, les terrains abandonn\u00e9s sont encore peu enfrich\u00e9s et une belle herbe tendre y pousse encore au printemps. Plusieurs ruisseaux permettent de disposer un peu partout d&rsquo;une eau pr\u00e9cieuse&#8230;<\/p>\n\n\n\n<p>La carte IGN indique une ruine appel\u00e9e l&rsquo;Hort de Dieu, \u00e0 mi chemin de la barre rocheuse qui s&rsquo;avance sous le col des Fa\u00efsses et de la jonction des deux ruisseaux issus du valat de Baumole\u00efro et du ch\u00e2teau de Terre Rouge. Cet ensemble tr\u00e8s d\u00e9grad\u00e9 regroupe des b\u00e2timents d&rsquo;habitation (avec four \u00e0 pain) et des d\u00e9pendances agricoles.&nbsp; Ce serait donc le coeur du vallon, le centre du domaine de Dieu. Mais les alentours sont en pente raide, embroussaill\u00e9s et d&rsquo;un acc\u00e8s difficile&#8230; Quelque chose ne donne pas envie d&rsquo;y croire.<\/p>\n\n\n\n<p>Sur le versant d&rsquo;en face, sous les pentes sud de la can noire, un autre b\u00e2timent attend tranquillement au pied de deux fr\u00eanes isol\u00e9s visibles de loin. C&rsquo;est une bergerie de calcaire en ruine. Une magnifique vo\u00fbte en ogive s&rsquo;est partiellement effondr\u00e9e en quelques blocs colossaux qui font penser \u00e0 une architecture cyclop\u00e9enne. Le pignon sud a \u00e9t\u00e9 consolid\u00e9 de mani\u00e8re \u00e9tonnante par un contrefort en pierre de taille de facture beaucoup plus riche que la construction d&rsquo;origine&#8230; Le lieu a donc longtemps gard\u00e9 une valeur importante pour les propri\u00e9taires ou les exploitants.<\/p>\n\n\n\n<p>De fait, il r\u00e8gne ici une ambiance de beaut\u00e9 et de tranquillit\u00e9 qui fait contraste avec la ferme. On se sent mieux \u00e0 la bergerie qu&rsquo;\u00e0 la maison.<\/p>\n\n\n\n<p>Sans s&rsquo;avancer au del\u00e0 des informations dont l&rsquo;on dispose, on peut faire quelques hypoth\u00e8ses vraisemblables sur l&rsquo;utilisation pass\u00e9e du lieu. Il prend son sens lorsqu&rsquo;on le consid\u00e8re dans sa proximit\u00e9 avec plusieurs sites embl\u00e9matiques de la can de l&rsquo;Hospitalet.<\/p>\n\n\n\n<ul class=\"wp-block-list\"><li>Un magnifique sentier \u00e0 flanc part plein ouest et permet une jonction facile (1\/4 heure) avec le rocher des f\u00e9es du <a href=\"https:\/\/www.reveeveille.net\/candelhospitalet\/?p=663\">Barret<\/a>, ses gravures en croix et ses vestiges d&rsquo;habitats anciens.<\/li><li>A peu pr\u00e8s \u00e0 la m\u00eame distance, en remontant plein nord, se trouvait le ch\u00e2teau de <a href=\"https:\/\/www.reveeveille.net\/candelhospitalet\/?p=649\">Terre Rouge<\/a>, poste de surveillance sur une importante voie de communication au moyen-\u00e2ge.<\/li><li>Un peu plus loin vers le nord et le sud, l&rsquo;Hospitalet et le col du Rey, accueillaient les voyageurs, p\u00e8lerins et crois\u00e9s.<\/li><\/ul>\n\n\n\n<figure class=\"wp-block-image\"><img decoding=\"async\" src=\"http:\/\/www.reveeveille.net\/photos\/2006\/0528_hort_de_dieu\/20060528_hort_de_dieu_vue_generale.jpg\" alt=\"\"\/><figcaption>Vue g\u00e9n\u00e9rale du vallon de l&rsquo;Hort de Dieu<\/figcaption><\/figure>\n\n\n\n<p>Tous ces sites, et particuli\u00e8rement les deux derniers, ont d\u00fb nourrir un grand nombre de personnes sur de longues p\u00e9riodes. L&rsquo;Hort-de-Dieu aurait pu constituer un \u00e9tablissement de production agricole dans ce but ?<\/p>\n\n\n\n<figure class=\"wp-block-image\"><img decoding=\"async\" src=\"http:\/\/www.reveeveille.net\/photos\/2006\/0528_hort_de_dieu\/20060528_hort_de_dieu_ruines.jpg\" alt=\"\"\/><figcaption>Dr\u00f4les de ruines, aux allures antiques<\/figcaption><\/figure>\n\n\n\n<div class=\"wp-block-group\"><div class=\"wp-block-group__inner-container is-layout-flow wp-block-group-is-layout-flow\">\n<div class=\"wp-block-columns is-layout-flex wp-container-core-columns-is-layout-9d6595d7 wp-block-columns-is-layout-flex\">\n<div class=\"wp-block-column is-layout-flow wp-block-column-is-layout-flow\">\n<figure class=\"wp-block-image\"><img decoding=\"async\" src=\"http:\/\/www.reveeveille.net\/photos\/2006\/0528_hort_de_dieu\/20060528_hort_de_dieu_voute.jpg\" alt=\"\"\/><figcaption>La voute encore debout (pour combien de temps) du b\u00e2timent de l&rsquo;Hort-de-Dieu oriental<\/figcaption><\/figure>\n<\/div>\n\n\n\n<div class=\"wp-block-column is-layout-flow wp-block-column-is-layout-flow\">\n<figure class=\"wp-block-image\"><img decoding=\"async\" src=\"http:\/\/www.reveeveille.net\/photos\/2006\/0528_hort_de_dieu\/20060528_hort_de_dieu_carriere_profil.jpg\" alt=\"\"\/><figcaption>Une des carri\u00e8res de schiste de l&rsquo;Hort de Dieu<\/figcaption><\/figure>\n<\/div>\n<\/div>\n<\/div><\/div>\n\n\n\n<p>D&rsquo;autres traces attestent d&rsquo;une utilisation r\u00e9guli\u00e8re du site. En face de la bergerie, sur un \u00e9paulement qui remonte vers l&rsquo;Hospitalet, se trouve une carri\u00e8re de schiste assez vaste. Certains fronts de taille semblent r\u00e9cents, d&rsquo;autres ont eu le temps d&rsquo;\u00eatre recouverts par la v\u00e9g\u00e9tation, voire par un petit sol en reconstitution. Aucune piste visible ne dessert pourtant le lieu. Ou sont parties toutes ces pierres dont la quantit\u00e9 extraite d\u00e9passe largement le volume n\u00e9cessaire \u00e0 l&rsquo;\u00e9dification de la ferme de l&rsquo;Hort de Dieu ? Comment ont-elles \u00e9t\u00e9 transport\u00e9es ? Myst\u00e8re !<\/p>\n\n\n\n<figure class=\"wp-block-image\"><img decoding=\"async\" src=\"http:\/\/www.reveeveille.net\/photos\/2006\/0528_hort_de_dieu\/20060528_hort_de_dieu_pano_pentes.jpg\" alt=\"\"\/><figcaption>Les minuscules b\u00e2timents de l&rsquo;Hort de DIeu, perdus dans le versant<\/figcaption><\/figure>\n\n\n\n<p>Plus haut sur l&rsquo;\u00e9paulement, \u00e0 proximit\u00e9 d&rsquo;un replat, deux petits blocs de gr\u00e8s \u00e9gar\u00e9s loin de leur base (on est dans le schiste), sont enterr\u00e9s c\u00f4te \u00e0 c\u00f4te dans l&rsquo;herbe. Leur surface est marqu\u00e9e de ce qui fait immanquablement penser \u00e0 des <a href=\"https:\/\/www.reveeveille.net\/candelhospitalet\/?p=1202\">cupules<\/a>, ou en tout cas de gros creusements artificiels. Quand aux deux petits blocs, ils font penser \u00e0 un menhir bris\u00e9&#8230; on peut toujours r\u00eaver.<\/p>\n\n\n\n<p>Pas de doute, il en est pass\u00e9 du monde \u00e0 l&rsquo;Hort de Dieu&#8230;<\/p>\n\n\n\n<div class=\"wp-block-group\"><div class=\"wp-block-group__inner-container is-layout-flow wp-block-group-is-layout-flow\">\n<div class=\"wp-block-columns is-layout-flex wp-container-core-columns-is-layout-9d6595d7 wp-block-columns-is-layout-flex\">\n<div class=\"wp-block-column is-layout-flow wp-block-column-is-layout-flow\">\n<figure class=\"wp-block-image\"><img decoding=\"async\" src=\"http:\/\/www.reveeveille.net\/photos\/2006\/0528_hort_de_dieu\/20060528_hort_de_dieu_cupules.jpg\" alt=\"\"\/><figcaption>Les deux pierres (peut-\u00eatre un menhir bris\u00e9 ?) qui portent des cupules, dans le vallon de l&rsquo;Hort de Dieu<\/figcaption><\/figure>\n<\/div>\n\n\n\n<div class=\"wp-block-column is-layout-flow wp-block-column-is-layout-flow\">\n<figure class=\"wp-block-image\"><img decoding=\"async\" src=\"http:\/\/www.reveeveille.net\/photos\/2006\/0528_hort_de_dieu\/20060528_hort_de_dieu_cupules_gros_plan.jpg\" alt=\"\"\/><figcaption>Les cupules sur le menhir bris\u00e9<\/figcaption><\/figure>\n<\/div>\n<\/div>\n<\/div><\/div>\n\n\n\n<iframe loading=\"lazy\" src=\"https:\/\/www.reveeveille.net\/geoportail\/cartepublique.aspx?idecrit=137\" width=\"100%\" height=\"400\"><\/iframe>\n","protected":false},"excerpt":{"rendered":"<p>\u00ab\u00a0L&rsquo;hort de Dieu\u00a0\u00bb&#8230; le jardin de dieu en occitan, hortus dei en latin. Ne pas confondre cet Hort de Dieu l\u00e0 avec celui, beaucoup plus c\u00e9l\u00e8bre, du Mont Aigoual :&hellip; <\/p>\n","protected":false},"author":3,"featured_media":1925,"comment_status":"open","ping_status":"open","sticky":false,"template":"","format":"standard","meta":{"_monsterinsights_skip_tracking":false,"_monsterinsights_sitenote_active":false,"_monsterinsights_sitenote_note":"","_monsterinsights_sitenote_category":0,"footnotes":""},"categories":[106],"tags":[55],"class_list":["post-1783","post","type-post","status-publish","format-standard","has-post-thumbnail","hentry","category-lieu","tag-fau-florit"],"_links":{"self":[{"href":"https:\/\/www.reveeveille.net\/candelhospitalet\/wp-json\/wp\/v2\/posts\/1783","targetHints":{"allow":["GET"]}}],"collection":[{"href":"https:\/\/www.reveeveille.net\/candelhospitalet\/wp-json\/wp\/v2\/posts"}],"about":[{"href":"https:\/\/www.reveeveille.net\/candelhospitalet\/wp-json\/wp\/v2\/types\/post"}],"author":[{"embeddable":true,"href":"https:\/\/www.reveeveille.net\/candelhospitalet\/wp-json\/wp\/v2\/users\/3"}],"replies":[{"embeddable":true,"href":"https:\/\/www.reveeveille.net\/candelhospitalet\/wp-json\/wp\/v2\/comments?post=1783"}],"version-history":[{"count":4,"href":"https:\/\/www.reveeveille.net\/candelhospitalet\/wp-json\/wp\/v2\/posts\/1783\/revisions"}],"predecessor-version":[{"id":3775,"href":"https:\/\/www.reveeveille.net\/candelhospitalet\/wp-json\/wp\/v2\/posts\/1783\/revisions\/3775"}],"wp:featuredmedia":[{"embeddable":true,"href":"https:\/\/www.reveeveille.net\/candelhospitalet\/wp-json\/wp\/v2\/media\/1925"}],"wp:attachment":[{"href":"https:\/\/www.reveeveille.net\/candelhospitalet\/wp-json\/wp\/v2\/media?parent=1783"}],"wp:term":[{"taxonomy":"category","embeddable":true,"href":"https:\/\/www.reveeveille.net\/candelhospitalet\/wp-json\/wp\/v2\/categories?post=1783"},{"taxonomy":"post_tag","embeddable":true,"href":"https:\/\/www.reveeveille.net\/candelhospitalet\/wp-json\/wp\/v2\/tags?post=1783"}],"curies":[{"name":"wp","href":"https:\/\/api.w.org\/{rel}","templated":true}]}}