{"id":1780,"date":"2022-10-02T09:50:46","date_gmt":"2022-10-02T09:50:46","guid":{"rendered":"https:\/\/www.reveeveille.net\/candelhospitalet\/wordpress\/?p=1780"},"modified":"2022-10-02T09:50:48","modified_gmt":"2022-10-02T09:50:48","slug":"le-col-des-faisses","status":"publish","type":"post","link":"https:\/\/www.reveeveille.net\/candelhospitalet\/le-col-des-faisses\/","title":{"rendered":"Le col des Fa\u00efsses"},"content":{"rendered":"\n<h2 class=\"wp-block-heading\">Le vrai col<\/h2>\n\n\n\n<p>Le col des Fa\u00efsses est, avec 1004 m\u00e8tres, le point \u00e0 l&rsquo;altitude la plus basse de la ligne de partage des eaux qui court sur la can de l&rsquo;Hospitalet entre sa pointe sud (<a href=\"https:\/\/www.reveeveille.net\/candelhospitalet\/?p=2229\">Peyre-Agude<\/a>) et le <a href=\"https:\/\/www.reveeveille.net\/candelhospitalet\/?page_id=2627\">col du Rey<\/a>. On pourrait donc s&rsquo;attendre \u00e0 ce qu&rsquo;il constitue un point de passage privil\u00e9gi\u00e9 entre la vall\u00e9e fran\u00e7aise (par le vallon de <a href=\"https:\/\/www.reveeveille.net\/candelhospitalet\/?p=1783\">l&rsquo;hort de Dieu<\/a>) et la vall\u00e9e du Tarnon (vallon de Pommaret). Mais il n&rsquo;en est rien. Ce point 1004 n&rsquo;a \u00e0 ma connaissance jamais \u00e9t\u00e9 particuli\u00e8rement utilis\u00e9 pour franchir la can, et on n&rsquo;y d\u00e9tecte pas de traces de voies de communication. Cela s&rsquo;explique sans doute par la configuration des lieux : c\u00f4t\u00e9 vall\u00e9e Fran\u00e7aise (au sud-est) la mont\u00e9e est tr\u00e8s raide et pas du tout pratique, voire dangereuse. C\u00f4t\u00e9 Tarnon (au nord-ouest), le vallon de Pommaret est \u00e0 peine moins raide et beaucoup moins pratique que le vallon de Solp\u00e9ri\u00e8re, \u00e0 un peu moins d&rsquo;un kilom\u00e8tre au sud-ouest, emprunt\u00e9 lui par une voie ancienne toujours utilis\u00e9e, la <a href=\"https:\/\/www.reveeveille.net\/candelhospitalet\/?p=1630\">route cardinale<\/a>.<\/p>\n\n\n\n<p>Le terme \u00ab\u00a0Fa\u00efsse\u00a0\u00bb d\u00e9signe une terrasse cultiv\u00e9e. Aucune terrasse n&rsquo;est ici en vue, ce qui m&rsquo;am\u00e8ne \u00e0 penser que le nom n&rsquo;a \u00e9t\u00e9 donn\u00e9 que r\u00e9cemment \u00e0 ce col, en r\u00e9f\u00e9rence \u00e0 un hameau \u00e9ponyme situ\u00e9 environ un kilom\u00e8tre au nord du col, au fond du vallon de Pommaret, autour duquel il y a bien, cette fois, des terrasses.<\/p>\n\n\n\n<h2 class=\"wp-block-heading\">Tout se passe en fait au faux col<\/h2>\n\n\n\n<p>Pourquoi le col des Fa\u00efsses, \u00e0 peine visible dans le paysage et jamais emprunt\u00e9 pour franchir la can, appara\u00eet-t-il en si gros sur la carte IGN et est-il signal\u00e9 par des panneaux sur le bord de la route ? Parce que, quelques dizaines de m\u00e8tres au sud de la position r\u00e9elle du col, la molle cr\u00eate de la can rejoint l&rsquo;extr\u00e9mit\u00e9 est du plateau de <a href=\"https:\/\/www.reveeveille.net\/candelhospitalet\/?p=1790\">Fau Florit<\/a> et forme un vaste espace horizontal, exactement situ\u00e9 dans l&rsquo;alignement de la haute vall\u00e9e fran\u00e7aise. De l\u00e0, on peut apercevoir les cr\u00eates successives des C\u00e9vennes moutonner \u00e0 l&rsquo;infini en nuances d\u00e9grad\u00e9es de bleus profonds, surmont\u00e9es des sommets \u00e9tincelants de neige des Alpes du sud lorsque le ciel est clair. L&rsquo;image d&rsquo;Epinal des C\u00e9vennes. Il n&rsquo;en fallait pas plus pour d\u00e9cider les puissants de ce monde \u00e0 installer ici un belv\u00e9d\u00e8re, auquel il a bien fallu adjoindre un parking qui a, soit dit en passant, \u00e9t\u00e9 am\u00e9nag\u00e9 avec grand go\u00fbt : quelques faux menhirs y ont \u00e9t\u00e9 plant\u00e9s, et l&rsquo;on peut y pique-niquer sur de non moins faux dolmens en guise de tables, \u00e0 moins de quelques centaines de m\u00e8tres de tout \u00e0 fait r\u00e9els m\u00e9galithes dont tout le monde a oubli\u00e9 l&rsquo;existence&#8230; Mais les touristes n&rsquo;ont pas l&rsquo;air de se vexer qu&rsquo;on les prenne pour des cons. Pour finir, il \u00e9tait logique de faire co\u00efncider ce haut-lieu touristique avec un point g\u00e9od\u00e9sique remarquable. Le col des Fa\u00efsses n&rsquo;\u00e9tait pas loin, il a fait l&rsquo;affaire, on l&rsquo;a tir\u00e9 un peu vers le sud et on a plant\u00e9 des panneaux, et puis voil\u00e0.<\/p>\n\n\n\n<p>Ceci \u00e9tant dit, il est vrai que ce faux col rec\u00e8le des choses int\u00e9ressantes : ont y a signal\u00e9s des fragments de meules en trachyte, et des d\u00e9bris de tuiles plates \u00e0 rebords et de poteries (<a href=\"https:\/\/www.reveeveille.net\/candelhospitalet\/?page_id=2627\">cag<\/a> p. 69). Et puis, quelques dizaines de m\u00e8tres vers l&rsquo;est, se trouve une <a href=\"https:\/\/www.reveeveille.net\/candelhospitalet\/?p=1780\">grotte<\/a> int\u00e9ressante.<\/p>\n\n\n\n<iframe loading=\"lazy\" src=\"https:\/\/www.reveeveille.net\/geoportail\/cartepublique.aspx?idecrit=135\" width=\"100%\" height=\"400\"><\/iframe>\n","protected":false},"excerpt":{"rendered":"<p>Le vrai col Le col des Fa\u00efsses est, avec 1004 m\u00e8tres, le point \u00e0 l&rsquo;altitude la plus basse de la ligne de partage des eaux qui court sur la can&hellip; <\/p>\n","protected":false},"author":3,"featured_media":1978,"comment_status":"open","ping_status":"open","sticky":false,"template":"","format":"standard","meta":{"_monsterinsights_skip_tracking":false,"_monsterinsights_sitenote_active":false,"_monsterinsights_sitenote_note":"","_monsterinsights_sitenote_category":0,"footnotes":""},"categories":[106],"tags":[55],"class_list":["post-1780","post","type-post","status-publish","format-standard","has-post-thumbnail","hentry","category-lieu","tag-fau-florit"],"_links":{"self":[{"href":"https:\/\/www.reveeveille.net\/candelhospitalet\/wp-json\/wp\/v2\/posts\/1780","targetHints":{"allow":["GET"]}}],"collection":[{"href":"https:\/\/www.reveeveille.net\/candelhospitalet\/wp-json\/wp\/v2\/posts"}],"about":[{"href":"https:\/\/www.reveeveille.net\/candelhospitalet\/wp-json\/wp\/v2\/types\/post"}],"author":[{"embeddable":true,"href":"https:\/\/www.reveeveille.net\/candelhospitalet\/wp-json\/wp\/v2\/users\/3"}],"replies":[{"embeddable":true,"href":"https:\/\/www.reveeveille.net\/candelhospitalet\/wp-json\/wp\/v2\/comments?post=1780"}],"version-history":[{"count":6,"href":"https:\/\/www.reveeveille.net\/candelhospitalet\/wp-json\/wp\/v2\/posts\/1780\/revisions"}],"predecessor-version":[{"id":3774,"href":"https:\/\/www.reveeveille.net\/candelhospitalet\/wp-json\/wp\/v2\/posts\/1780\/revisions\/3774"}],"wp:featuredmedia":[{"embeddable":true,"href":"https:\/\/www.reveeveille.net\/candelhospitalet\/wp-json\/wp\/v2\/media\/1978"}],"wp:attachment":[{"href":"https:\/\/www.reveeveille.net\/candelhospitalet\/wp-json\/wp\/v2\/media?parent=1780"}],"wp:term":[{"taxonomy":"category","embeddable":true,"href":"https:\/\/www.reveeveille.net\/candelhospitalet\/wp-json\/wp\/v2\/categories?post=1780"},{"taxonomy":"post_tag","embeddable":true,"href":"https:\/\/www.reveeveille.net\/candelhospitalet\/wp-json\/wp\/v2\/tags?post=1780"}],"curies":[{"name":"wp","href":"https:\/\/api.w.org\/{rel}","templated":true}]}}