{"id":1772,"date":"2022-10-02T16:30:45","date_gmt":"2022-10-02T16:30:45","guid":{"rendered":"https:\/\/www.reveeveille.net\/candelhospitalet\/wordpress\/?p=1772"},"modified":"2025-06-18T13:47:09","modified_gmt":"2025-06-18T13:47:09","slug":"les-etranges-taches-noires-de-la-can-de-saint-laurent","status":"publish","type":"post","link":"https:\/\/www.reveeveille.net\/candelhospitalet\/les-etranges-taches-noires-de-la-can-de-saint-laurent\/","title":{"rendered":"Les \u00e9tranges t\u00e2ches noires de la can de Saint Laurent"},"content":{"rendered":"\n<p>Les photos a\u00e9riennes anciennes sont une mine in\u00e9puisable d&rsquo;informations sur un territoire donn\u00e9. Et moi j&rsquo;adore farfouiller les photos a\u00e9riennes. Alors un jour je me suis pay\u00e9 la plus ancienne qui existe sur la commune de Saint Laurent de Tr\u00e8ves. Elle date de 1947. Ah, elle n&rsquo;\u00e9tait pas donn\u00e9e, la bougresse. 70 euros pour un clich\u00e9 rentabilis\u00e9 depuis plus de 50 ans sans doute, l&rsquo;IGN n&rsquo;y allait pas de main morte. depuis, la strat\u00e9gie a chang\u00e9 et les photos a\u00e9riennes anciennes sont disponibles gratuitement sur le <a href=\"https:\/\/www.geoportail.gouv.fr\/\" data-type=\"link\" data-id=\"https:\/\/www.geoportail.gouv.fr\/\">g\u00e9oportail<\/a>. J&rsquo;aurais mieux fait d&rsquo;attendre quelques ann\u00e9es ! Mais allez, passons. Car cete fameuse photo m&rsquo;aura apport\u00e9 du bonheur \u00e0 hauteur de beaucoup plus que 70 euros, sans doute. J&rsquo;y ai pass\u00e9 des heures, \u00e0 zoomer sur les parties les plus obscures de mon territoire favori pour y d\u00e9couvrir de nouvelles surprises. Au sortir de la guerre, tout \u00e9tait diff\u00e9rent, ici comme ailleurs.\u00a0Des\u00a0b\u00e2timents sont apparus, ont disparu, des routes ont chang\u00e9 de trac\u00e9&#8230; ce qui est surtout tr\u00e8s impressionnant, c&rsquo;est la quantit\u00e9 d&rsquo;arbres qui ont pouss\u00e9 depuis cette \u00e9poque. La d\u00e9prise agricole est pass\u00e9e par l\u00e0.<\/p>\n\n\n\n<p>Un jour, au cours de l&rsquo;une de mes promenades virtuelles sur la can de l&rsquo;Hospitalet de 1947, je suis tomb\u00e9 sur un d\u00e9tail qui m&rsquo;a troubl\u00e9 :&nbsp;\u00e0 la surface de l&rsquo;une des prairies de la can de Saint Laurent de Tr\u00e8ves, on aper\u00e7oit 4 alignements de taches noires. Chaque ligne est orient\u00e9e ouest-nord-ouest&nbsp;\/ sud- sud-est et&nbsp;&nbsp;compte entre 7 et 8 taches. Les lignes et les taches sont espac\u00e9es d&rsquo;environ 8 m\u00e8tres.<\/p>\n\n\n\n<p>Aussit\u00f4t, j&rsquo;ai lanc\u00e9 une investigation scientifique en bonne et d\u00fbe forme. D&rsquo;abord, avancer des hypoth\u00e8ses. L\u00e0, je n&rsquo;ai pas eu de mal. Voyez plut\u00f4t :<\/p>\n\n\n\n<ul class=\"wp-block-list\">\n<li>Un verger.\u00a0Chaque tache est un arbre.\u00a0Astucieux. Mais tr\u00e8s improbable voire impossible sur la can, qui manque cruellement d&rsquo;eau pour ce genre de culture.<\/li>\n\n\n\n<li>Des clapas. Mmm. Trop petits, trop align\u00e9s, et manifestement sans relief.<\/li>\n\n\n\n<li>Un rucher de ruches-tronc ? J&rsquo;ai trouv\u00e9 les traces d&rsquo;un tel rucher \u00e0 gu\u00e8re plus de 500 m\u00e8tres de l\u00e0. Mais peu vraisemblable : sur la can les ruches sont plac\u00e9es sur les zones aux sols peu profonds, pas sur les prairies riches comme celle-l\u00e0, que l&rsquo;on pr\u00e9f\u00e8re \u00e9videmment r\u00e9server \u00e0 de la prairie, voure des cultures c\u00e9r\u00e9ali\u00e8res.\u00a0De plus elles sont g\u00e9n\u00e9ralement espac\u00e9es de 1 \u00e0 2 m\u00e8tres seulement.<\/li>\n\n\n\n<li>Les fondations des piliers d&rsquo;un b\u00e2timent ancien ? Ahh, voil\u00e0 qui me plairait bien. J&rsquo;ai tout \u00e0 fait envie de croire \u00e0 \u00e7a, et puis j&rsquo;ai de solides arguments :\u00a0\u00e0\u00a0180 m\u00e8tres au sud-ouest de la prairie en question j&rsquo;ai trouv\u00e9 un fragment de <a href=\"https:\/\/www.reveeveille.net\/candelhospitalet\/les-tegulae-ou-tuiles-plates-gallo-romaines\/\" data-type=\"post\" data-id=\"2451\">t\u00e9gula<\/a>, tuile gallo-romaine. Mmmoui, j&rsquo;y verrais bien une villa gallo-romaine, dans cette prairie. C&rsquo;est beau, le r\u00eave.<\/li>\n<\/ul>\n\n\n\n<p>Une fois les hypoth\u00e8ses pos\u00e9es, \u00e9tape de confirmation ou d&rsquo;infirmation.<\/p>\n\n\n\n<p>Interrogation des populations locales. Rien. Personne ne conna\u00eet, personne n&rsquo;a jamais entendu parler de rien \u00e0 cet endroit. Pfff !<\/p>\n\n\n\n<p>Consultation&nbsp;des photo a\u00e9riennes modernes. En juillet 2008 : aucune trace de taches \u00e0 cet endroit. Mais \u00e7a ne veut rien dire : en fonction de la lumi\u00e8re, du niveau d&rsquo;humidit\u00e9 du sol et de l&rsquo;air&#8230; ce qui est visible \u00e0 un moment peut parfaitement ne plus l&rsquo;\u00eatre \u00e0 un autre, et vice-versa.<\/p>\n\n\n\n<p>Alors&nbsp;je suis all\u00e9&nbsp;lire directement&nbsp;le terrain lui m\u00eame. Le terrain, c&rsquo;est la phase reine, cl\u00e9, magistrale, de la prospection arch\u00e9ologique.&nbsp;Arriv\u00e9 au rebord de la prairie concern\u00e9e, apr\u00e8s n&rsquo;avoir rien vu du tout, j&rsquo;ai hum\u00e9 l&rsquo;espace, essay\u00e9 de ressentir les ondes du terrain. Je pensais qu&rsquo;il allait me parler, mais il est rest\u00e9 muet. Au bout de quelques minutes, je suis parti, d\u00e9pit\u00e9.<\/p>\n\n\n\n<p>Quelques mois plus tard, je montre la photo \u00e0 mon copain Vincent. Vincent il est sp\u00e9cialiste des photos a\u00e9riennes. Il passe son temps \u00e0 y regarder les for\u00eats pour voir si elles se portent bien. Et attention, il est tr\u00e8s fort. Juste avec la forme et la couleur de la for\u00eat vue \u00e0 2000 m\u00e8tres\u00a0de haut, il sait vous dire quelles esp\u00e8ces d&rsquo;arbres poussent l\u00e0, quel est le diam\u00e8tre moyen des troncs, et quel est le pr\u00e9nom de l&rsquo;arri\u00e8re tante de l&rsquo;ing\u00e9nieur forestier qui a g\u00e9r\u00e9 la concession dans les ann\u00e9es 50. Donc, il jette un oeil \u00e0 peine int\u00e9ress\u00e9 \u00e0 la photo, et quand il voit les t\u00e2ches, il dit n\u00e9gligemment, en pensant d\u00e9j\u00e0 \u00e0 autre chose :<\/p>\n\n\n\n<p>\u00ab\u00a0Tiens, y a des &lt;bip&gt;\u00a0\u00bb.<\/p>\n\n\n\n<p>C&rsquo;est beau, la comp\u00e9tence. J&rsquo;admire toujours. Mais revenons \u00e0 nos t\u00e2ches. Si vous avez une id\u00e9e, une hypoth\u00e8se, et que vous \u00eates joueur, faites-moi un petit message pour me la dire, et je vous donnerai la r\u00e9ponse.<\/p>\n\n\n\n<p>A tout de suite.<\/p>\n\n\n<div class=\"wp-block-image\">\n<figure class=\"aligncenter is-resized\"><img decoding=\"async\" src=\"http:\/\/www.reveeveille.net\/photos\/1900\/0101_illustrations_canhospitalet\/19000101_illustrations_canhospitalet_25.jpg\" alt=\"\" style=\"width:675px;height:624px\"\/><\/figure>\n<\/div>\n\n\n<iframe loading=\"lazy\" src=\"https:\/\/www.reveeveille.net\/geoportail\/cartepublique.aspx?idecrit=434\" width=\"100%\" height=\"400\"><\/iframe>\n","protected":false},"excerpt":{"rendered":"<p>Les photos a\u00e9riennes anciennes sont une mine in\u00e9puisable d&rsquo;informations sur un territoire donn\u00e9. Et moi j&rsquo;adore farfouiller les photos a\u00e9riennes. Alors un jour je me suis pay\u00e9 la plus ancienne&hellip; <\/p>\n","protected":false},"author":3,"featured_media":1879,"comment_status":"open","ping_status":"open","sticky":false,"template":"","format":"standard","meta":{"_monsterinsights_skip_tracking":false,"_monsterinsights_sitenote_active":false,"_monsterinsights_sitenote_note":"","_monsterinsights_sitenote_category":0,"footnotes":""},"categories":[14],"tags":[45],"class_list":["post-1772","post","type-post","status-publish","format-standard","has-post-thumbnail","hentry","category-mysteres","tag-can-de-saint-laurent"],"_links":{"self":[{"href":"https:\/\/www.reveeveille.net\/candelhospitalet\/wp-json\/wp\/v2\/posts\/1772","targetHints":{"allow":["GET"]}}],"collection":[{"href":"https:\/\/www.reveeveille.net\/candelhospitalet\/wp-json\/wp\/v2\/posts"}],"about":[{"href":"https:\/\/www.reveeveille.net\/candelhospitalet\/wp-json\/wp\/v2\/types\/post"}],"author":[{"embeddable":true,"href":"https:\/\/www.reveeveille.net\/candelhospitalet\/wp-json\/wp\/v2\/users\/3"}],"replies":[{"embeddable":true,"href":"https:\/\/www.reveeveille.net\/candelhospitalet\/wp-json\/wp\/v2\/comments?post=1772"}],"version-history":[{"count":5,"href":"https:\/\/www.reveeveille.net\/candelhospitalet\/wp-json\/wp\/v2\/posts\/1772\/revisions"}],"predecessor-version":[{"id":4213,"href":"https:\/\/www.reveeveille.net\/candelhospitalet\/wp-json\/wp\/v2\/posts\/1772\/revisions\/4213"}],"wp:featuredmedia":[{"embeddable":true,"href":"https:\/\/www.reveeveille.net\/candelhospitalet\/wp-json\/wp\/v2\/media\/1879"}],"wp:attachment":[{"href":"https:\/\/www.reveeveille.net\/candelhospitalet\/wp-json\/wp\/v2\/media?parent=1772"}],"wp:term":[{"taxonomy":"category","embeddable":true,"href":"https:\/\/www.reveeveille.net\/candelhospitalet\/wp-json\/wp\/v2\/categories?post=1772"},{"taxonomy":"post_tag","embeddable":true,"href":"https:\/\/www.reveeveille.net\/candelhospitalet\/wp-json\/wp\/v2\/tags?post=1772"}],"curies":[{"name":"wp","href":"https:\/\/api.w.org\/{rel}","templated":true}]}}