{"id":1733,"date":"2022-10-01T15:26:16","date_gmt":"2022-10-01T15:26:16","guid":{"rendered":"https:\/\/www.reveeveille.net\/candelhospitalet\/wordpress\/?p=1733"},"modified":"2022-10-01T15:26:18","modified_gmt":"2022-10-01T15:26:18","slug":"artigue","status":"publish","type":"post","link":"https:\/\/www.reveeveille.net\/candelhospitalet\/artigue\/","title":{"rendered":"Artigue"},"content":{"rendered":"\n<p>Artigue est l&rsquo;un des hameaux de la commune de Saint Laurent de Tr\u00e8ves, sur le flanc ouest de la can de l&rsquo;Hospitalet. Il&nbsp;est cit\u00e9 dans un texte \u00e0 la fin du XIII\u00e8me si\u00e8cle.<\/p>\n\n\n\n<p>En occitan et en espagnol, artiga signifie \u00ab\u00a0Terre d\u00e9frich\u00e9e\u00a0\u00bb, et sans doute plus pr\u00e9cis\u00e9ment \u00ab\u00a0terrain d\u00e9frich\u00e9 par \u00e9cobuage\u00a0\u00bb, c&rsquo;est \u00e0 dire cultiv\u00e9 sur br\u00fblis.<\/p>\n\n\n\n<p>D&rsquo;apr\u00e8s Camille Hugues, une industrie du verre, tr\u00e8s consommatrice en bois, y aurait un moment fonctionn\u00e9 (sans qu&rsquo;il fournisse aucune autre information \u00e0 ce sujet).<\/p>\n\n\n\n<p>La racine celte artica est devenue artiga en bas latin&#8230;<\/p>\n\n\n\n<iframe loading=\"lazy\" src=\"https:\/\/www.reveeveille.net\/geoportail\/cartepublique.aspx?idecrit=161\" width=\"100%\" height=\"400\"><\/iframe>\n","protected":false},"excerpt":{"rendered":"<p>Artigue est l&rsquo;un des hameaux de la commune de Saint Laurent de Tr\u00e8ves, sur le flanc ouest de la can de l&rsquo;Hospitalet. Il&nbsp;est cit\u00e9 dans un texte \u00e0 la fin&hellip; <\/p>\n","protected":false},"author":3,"featured_media":1968,"comment_status":"open","ping_status":"open","sticky":false,"template":"","format":"standard","meta":{"_monsterinsights_skip_tracking":false,"_monsterinsights_sitenote_active":false,"_monsterinsights_sitenote_note":"","_monsterinsights_sitenote_category":0,"footnotes":""},"categories":[93],"tags":[96],"class_list":["post-1733","post","type-post","status-publish","format-standard","has-post-thumbnail","hentry","category-hameau","tag-can-dartigue"],"_links":{"self":[{"href":"https:\/\/www.reveeveille.net\/candelhospitalet\/wp-json\/wp\/v2\/posts\/1733","targetHints":{"allow":["GET"]}}],"collection":[{"href":"https:\/\/www.reveeveille.net\/candelhospitalet\/wp-json\/wp\/v2\/posts"}],"about":[{"href":"https:\/\/www.reveeveille.net\/candelhospitalet\/wp-json\/wp\/v2\/types\/post"}],"author":[{"embeddable":true,"href":"https:\/\/www.reveeveille.net\/candelhospitalet\/wp-json\/wp\/v2\/users\/3"}],"replies":[{"embeddable":true,"href":"https:\/\/www.reveeveille.net\/candelhospitalet\/wp-json\/wp\/v2\/comments?post=1733"}],"version-history":[{"count":2,"href":"https:\/\/www.reveeveille.net\/candelhospitalet\/wp-json\/wp\/v2\/posts\/1733\/revisions"}],"predecessor-version":[{"id":3730,"href":"https:\/\/www.reveeveille.net\/candelhospitalet\/wp-json\/wp\/v2\/posts\/1733\/revisions\/3730"}],"wp:featuredmedia":[{"embeddable":true,"href":"https:\/\/www.reveeveille.net\/candelhospitalet\/wp-json\/wp\/v2\/media\/1968"}],"wp:attachment":[{"href":"https:\/\/www.reveeveille.net\/candelhospitalet\/wp-json\/wp\/v2\/media?parent=1733"}],"wp:term":[{"taxonomy":"category","embeddable":true,"href":"https:\/\/www.reveeveille.net\/candelhospitalet\/wp-json\/wp\/v2\/categories?post=1733"},{"taxonomy":"post_tag","embeddable":true,"href":"https:\/\/www.reveeveille.net\/candelhospitalet\/wp-json\/wp\/v2\/tags?post=1733"}],"curies":[{"name":"wp","href":"https:\/\/api.w.org\/{rel}","templated":true}]}}