{"id":1725,"date":"2022-10-01T10:46:07","date_gmt":"2022-10-01T10:46:07","guid":{"rendered":"https:\/\/www.reveeveille.net\/candelhospitalet\/wordpress\/?p=1725"},"modified":"2022-10-01T10:46:09","modified_gmt":"2022-10-01T10:46:09","slug":"la-can-dartigue","status":"publish","type":"post","link":"https:\/\/www.reveeveille.net\/candelhospitalet\/la-can-dartigue\/","title":{"rendered":"La can d&rsquo;Artigue"},"content":{"rendered":"\n<p>La can d&rsquo;Artigue est un minuscule territoire, une \u00e9troite bande de rocher qui s&rsquo;avance au dessus de la vall\u00e9e du Tarnon, dans une direction nord-ouest. On en fait le tour en 1 heure \u00e0 peine. Dans sa partie la plus large, celle qui la rattache \u00e0 l&rsquo;ensemble des autres cans, elle est peu int\u00e9ressante : les pratiques agricoles ont finement racl\u00e9 sa surface qui est uniform\u00e9ment enherb\u00e9e. Difficile d&rsquo;y sentir l&rsquo;esprit du lieu.<\/p>\n\n\n\n<div class=\"wp-block-group\"><div class=\"wp-block-group__inner-container is-layout-flow wp-block-group-is-layout-flow\">\n<div class=\"wp-block-columns is-layout-flex wp-container-core-columns-is-layout-9d6595d7 wp-block-columns-is-layout-flex\">\n<div class=\"wp-block-column is-layout-flow wp-block-column-is-layout-flow\">\n<figure class=\"wp-block-image\"><img decoding=\"async\" src=\"http:\/\/www.reveeveille.net\/photos\/2004\/1210_can_tardo\/20041210_can_tardo_arbre_sur_clapas.jpg\" alt=\"\"\/><figcaption>Un arbre a choisi un clapas pour s&rsquo;installer. Vers quelles nourritures ses racines ont-elles \u00e9t\u00e9 attir\u00e9es ? Avec quelles forces ont-elles p\u00e9n\u00e9tr\u00e9 la pierre ? Et si, finalement, c&rsquo;\u00e9tait plut\u00f4t par les branches qu&rsquo;il puisait son \u00e9nergie et sa stabilit\u00e9 dans le ciel ?<\/figcaption><\/figure>\n<\/div>\n\n\n\n<div class=\"wp-block-column is-layout-flow wp-block-column-is-layout-flow\">\n<figure class=\"wp-block-image\"><img decoding=\"async\" src=\"http:\/\/www.reveeveille.net\/photos\/2007\/0119_can_artigues\/20070119_can_artigues_crane.jpg\" alt=\"\"\/><figcaption>Rencontre<\/figcaption><\/figure>\n<\/div>\n<\/div>\n<\/div><\/div>\n\n\n\n<p>Mais plus on s&rsquo;avance vers la pointe, plus on s&rsquo;\u00e9loigne du monde ordinaire. Une quantit\u00e9 incroyable de <a href=\"https:\/\/www.reveeveille.net\/candelhospitalet\/?p=2300\">clapas<\/a> \u00e9normes occupent quasiment la moiti\u00e9 de la surface du sol, s\u00e9par\u00e9s par un d\u00e9dale de pelouses rases qui semblent entretenues comme une moquette d&rsquo;h\u00f4tel de luxe. Certains prennent des formes bizarres, qui font immanquablement penser \u00e0 des vestiges humains, bien que cela ne soit absolument pas av\u00e9r\u00e9. M\u00eame les arbres semblent ici pr\u00e9f\u00e9rer r\u00eaver en compagnie des pierres : avec une t\u00e9nacit\u00e9 confondante, bon nombre d&rsquo;entre eux ont pr\u00e9f\u00e9r\u00e9 pousser leurs racines au travers des pierres de clapas.<\/p>\n\n\n\n<div class=\"wp-block-group\"><div class=\"wp-block-group__inner-container is-layout-flow wp-block-group-is-layout-flow\">\n<div class=\"wp-block-columns is-layout-flex wp-container-core-columns-is-layout-9d6595d7 wp-block-columns-is-layout-flex\">\n<div class=\"wp-block-column is-layout-flow wp-block-column-is-layout-flow\">\n<figure class=\"wp-block-image\"><img decoding=\"async\" src=\"http:\/\/www.reveeveille.net\/photos\/2008\/1201_can_artigue\/20081201_can_artigue_01.jpg\" alt=\"\"\/><figcaption>H\u00eatre sur un clapas de la can d&rsquo;Artigue<\/figcaption><\/figure>\n<\/div>\n\n\n\n<div class=\"wp-block-column is-layout-flow wp-block-column-is-layout-flow\">\n<figure class=\"wp-block-image\"><img decoding=\"async\" src=\"http:\/\/www.reveeveille.net\/photos\/2008\/1201_can_artigue\/20081201_can_artigue_03.jpg\" alt=\"\"\/><figcaption>Les arbres couverts de lichens<\/figcaption><\/figure>\n<\/div>\n<\/div>\n<\/div><\/div>\n\n\n\n<p>Sur le rebord est du plateau, \u00e0 la naissance du vallon qui entame la descente vers le vallon de Tardonnenche, une \u00e9trange for\u00eat s&rsquo;est install\u00e9e : les arbres y sont couverts de lichen \u00e0 un tel point que les feuilles n&rsquo;y sont quasiment plus visible. On se croirait dans une sc\u00e8ne du Seigneur des anneaux&#8230;<\/p>\n\n\n\n<p>La can d&rsquo;Artigues est un endroit o\u00f9 l&rsquo;on a envie de faire silence.<\/p>\n\n\n<div class=\"pt-cv-wrapper\"><div class=\"pt-cv-view pt-cv-grid pt-cv-colsys\" id=\"pt-cv-view-324e473bpg\"><div data-id=\"pt-cv-page-1\" class=\"pt-cv-page\" data-cvc=\"2\"><div class=\"col-md-6 col-sm-6 col-xs-12 pt-cv-content-item pt-cv-2-col\" ><div class='pt-cv-ifield'><a href=\"https:\/\/www.reveeveille.net\/candelhospitalet\/tumuli-sur-la-can-de-saint-laurent\/\" class=\"_self pt-cv-href-thumbnail pt-cv-thumb-left\" target=\"_self\" ><img loading=\"lazy\" decoding=\"async\" width=\"150\" height=\"150\" src=\"https:\/\/www.reveeveille.net\/candelhospitalet\/wp-content\/uploads\/2021\/07\/19000102_illustrations_coupelles-150x150.jpg\" class=\"pt-cv-thumbnail pull-left\" alt=\"\" \/><\/a>\n<h4 class=\"pt-cv-title\"><a href=\"https:\/\/www.reveeveille.net\/candelhospitalet\/tumuli-sur-la-can-de-saint-laurent\/\" class=\"_self\" target=\"_self\" >Deux tumulus du Causse Noir et de la Can d&rsquo;Artigues<\/a><\/h4>\n<div class=\"pt-cv-content\">Article de Camille Hugues paru dans la Revue du G\u00e9vaudan, des Causses et des C\u00e9vennes, n\u00b06, 1960 Une d\u00e9couverte fortuite, ...<br \/><div class=\"pt-cv-rmwrap\"><a href=\"https:\/\/www.reveeveille.net\/candelhospitalet\/tumuli-sur-la-can-de-saint-laurent\/\" class=\"_self pt-cv-readmore btn btn-success\" target=\"_self\">Lire<\/a><\/div><\/div><\/div><\/div>\n<div class=\"col-md-6 col-sm-6 col-xs-12 pt-cv-content-item pt-cv-2-col\" ><div class='pt-cv-ifield'><a href=\"https:\/\/www.reveeveille.net\/candelhospitalet\/artigue\/\" class=\"_self pt-cv-href-thumbnail pt-cv-thumb-left\" target=\"_self\" ><img loading=\"lazy\" decoding=\"async\" width=\"150\" height=\"150\" src=\"https:\/\/www.reveeveille.net\/candelhospitalet\/wp-content\/uploads\/2021\/07\/20080915_amorce_grotte_artigues_03-150x150.jpg\" class=\"pt-cv-thumbnail pull-left\" alt=\"\" \/><\/a>\n<h4 class=\"pt-cv-title\"><a href=\"https:\/\/www.reveeveille.net\/candelhospitalet\/artigue\/\" class=\"_self\" target=\"_self\" >Artigue<\/a><\/h4>\n<div class=\"pt-cv-content\">Artigue est l'un des hameaux de la commune de Saint Laurent de Tr\u00e8ves, sur le flanc ouest de la can ...<br \/><div class=\"pt-cv-rmwrap\"><a href=\"https:\/\/www.reveeveille.net\/candelhospitalet\/artigue\/\" class=\"_self pt-cv-readmore btn btn-success\" target=\"_self\">Lire<\/a><\/div><\/div><\/div><\/div><\/div><\/div><\/div>\n\n\n\n<iframe loading=\"lazy\" src=\"https:\/\/www.reveeveille.net\/geoportail\/cartepublique.aspx?idrubric=54\" width=\"100%\" height=\"400\"><\/iframe>\n","protected":false},"excerpt":{"rendered":"<p>La can d&rsquo;Artigue est un minuscule territoire, une \u00e9troite bande de rocher qui s&rsquo;avance au dessus de la vall\u00e9e du Tarnon, dans une direction nord-ouest. On en fait le tour&hellip; <\/p>\n","protected":false},"author":3,"featured_media":2149,"comment_status":"open","ping_status":"open","sticky":false,"template":"","format":"standard","meta":{"_monsterinsights_skip_tracking":false,"_monsterinsights_sitenote_active":false,"_monsterinsights_sitenote_note":"","_monsterinsights_sitenote_category":0,"footnotes":""},"categories":[10],"tags":[],"class_list":["post-1725","post","type-post","status-publish","format-standard","has-post-thumbnail","hentry","category-les-lieux"],"_links":{"self":[{"href":"https:\/\/www.reveeveille.net\/candelhospitalet\/wp-json\/wp\/v2\/posts\/1725","targetHints":{"allow":["GET"]}}],"collection":[{"href":"https:\/\/www.reveeveille.net\/candelhospitalet\/wp-json\/wp\/v2\/posts"}],"about":[{"href":"https:\/\/www.reveeveille.net\/candelhospitalet\/wp-json\/wp\/v2\/types\/post"}],"author":[{"embeddable":true,"href":"https:\/\/www.reveeveille.net\/candelhospitalet\/wp-json\/wp\/v2\/users\/3"}],"replies":[{"embeddable":true,"href":"https:\/\/www.reveeveille.net\/candelhospitalet\/wp-json\/wp\/v2\/comments?post=1725"}],"version-history":[{"count":5,"href":"https:\/\/www.reveeveille.net\/candelhospitalet\/wp-json\/wp\/v2\/posts\/1725\/revisions"}],"predecessor-version":[{"id":3729,"href":"https:\/\/www.reveeveille.net\/candelhospitalet\/wp-json\/wp\/v2\/posts\/1725\/revisions\/3729"}],"wp:featuredmedia":[{"embeddable":true,"href":"https:\/\/www.reveeveille.net\/candelhospitalet\/wp-json\/wp\/v2\/media\/2149"}],"wp:attachment":[{"href":"https:\/\/www.reveeveille.net\/candelhospitalet\/wp-json\/wp\/v2\/media?parent=1725"}],"wp:term":[{"taxonomy":"category","embeddable":true,"href":"https:\/\/www.reveeveille.net\/candelhospitalet\/wp-json\/wp\/v2\/categories?post=1725"},{"taxonomy":"post_tag","embeddable":true,"href":"https:\/\/www.reveeveille.net\/candelhospitalet\/wp-json\/wp\/v2\/tags?post=1725"}],"curies":[{"name":"wp","href":"https:\/\/api.w.org\/{rel}","templated":true}]}}