{"id":1710,"date":"2022-10-01T10:42:42","date_gmt":"2022-10-01T10:42:42","guid":{"rendered":"https:\/\/www.reveeveille.net\/candelhospitalet\/wordpress\/?p=1710"},"modified":"2022-10-01T10:42:45","modified_gmt":"2022-10-01T10:42:45","slug":"le-col-de-vache","status":"publish","type":"post","link":"https:\/\/www.reveeveille.net\/candelhospitalet\/le-col-de-vache\/","title":{"rendered":"Le col de vache"},"content":{"rendered":"\n<p>Le col de vache est un col de 998m d&rsquo;altitude qui s\u00e9pare la can de Ferri\u00e8re de la can de Tardonnenche. Il est peu marqu\u00e9 dans le paysage&#8230; et pas du tout marqu\u00e9 sur la carte IGN. N&rsquo;y passe actuellement qu&rsquo;une simple piste de terre. C&rsquo;est pourtant un lieu important du plateau.<\/p>\n\n\n\n<p>C&rsquo;est&nbsp;ici que, depuis des mill\u00e9naires,&nbsp;la <a href=\"https:\/\/www.reveeveille.net\/candelhospitalet\/?p=2594\">draille de Margeride<\/a>, apr\u00e8s avoir chemin\u00e9 pr\u00e8s de 10 kilom\u00e8tres sur le plateau depuis la pointe de Peyre-Agude, le quitte pour plonger vers la vall\u00e9e du Tarnon, en descendant vers Tardonnenche.&nbsp;A la fin de l&rsquo;\u00e9poque pr\u00e9historique, les hommes ont&nbsp;commenc\u00e9 \u00e0 utiliser la draille pour leurs \u00e9changes commerciaux, et l&rsquo;itin\u00e9raire normal pour monter de la plaine du Languedoc vers les villes du massif central passait donc ici. On sait qu&rsquo;il \u00e9tait pav\u00e9 d\u00e8s le moyen-\u00e2ge.<\/p>\n\n\n\n<p>A&nbsp;partir de 1745,&nbsp;des travaux furent entrepris pour construire la route actuelle qui descend du col du Rey vers Florac en passant par Nozi\u00e8re. Il n&rsquo;est plus n\u00e9cessaire de passer par le&nbsp;col de vache, qui redevient&nbsp;alors&nbsp;un simple point sur la draille.<\/p>\n\n\n\n<p>Il est donc probable que la partie de plateau situ\u00e9e au nord du col de vache est rest\u00e9e, depuis tr\u00e8s longtemps, plus \u00e0 l&rsquo;\u00e9cart des circulations humaines et animales que la partie sud, de tous temps tr\u00e8s fr\u00e9quent\u00e9e.<\/p>\n\n\n\n<p>Les environs du col de vache sont riches en petites surprises int\u00e9ressantes : un tumulus de l&rsquo;\u00e2ge du fer,&nbsp;un aven introuvable&#8230;<\/p>\n\n\n\n<iframe loading=\"lazy\" src=\"https:\/\/www.reveeveille.net\/geoportail\/cartepublique.aspx?idecrit=119\" width=\"100%\" height=\"400\"><\/iframe>\n","protected":false},"excerpt":{"rendered":"<p>Le col de vache est un col de 998m d&rsquo;altitude qui s\u00e9pare la can de Ferri\u00e8re de la can de Tardonnenche. Il est peu marqu\u00e9 dans le paysage&#8230; et pas&hellip; <\/p>\n","protected":false},"author":3,"featured_media":1909,"comment_status":"open","ping_status":"open","sticky":false,"template":"","format":"standard","meta":{"_monsterinsights_skip_tracking":false,"_monsterinsights_sitenote_active":false,"_monsterinsights_sitenote_note":"","_monsterinsights_sitenote_category":0,"footnotes":""},"categories":[106],"tags":[43],"class_list":["post-1710","post","type-post","status-publish","format-standard","has-post-thumbnail","hentry","category-lieu","tag-can-de-ferriere"],"_links":{"self":[{"href":"https:\/\/www.reveeveille.net\/candelhospitalet\/wp-json\/wp\/v2\/posts\/1710","targetHints":{"allow":["GET"]}}],"collection":[{"href":"https:\/\/www.reveeveille.net\/candelhospitalet\/wp-json\/wp\/v2\/posts"}],"about":[{"href":"https:\/\/www.reveeveille.net\/candelhospitalet\/wp-json\/wp\/v2\/types\/post"}],"author":[{"embeddable":true,"href":"https:\/\/www.reveeveille.net\/candelhospitalet\/wp-json\/wp\/v2\/users\/3"}],"replies":[{"embeddable":true,"href":"https:\/\/www.reveeveille.net\/candelhospitalet\/wp-json\/wp\/v2\/comments?post=1710"}],"version-history":[{"count":3,"href":"https:\/\/www.reveeveille.net\/candelhospitalet\/wp-json\/wp\/v2\/posts\/1710\/revisions"}],"predecessor-version":[{"id":3725,"href":"https:\/\/www.reveeveille.net\/candelhospitalet\/wp-json\/wp\/v2\/posts\/1710\/revisions\/3725"}],"wp:featuredmedia":[{"embeddable":true,"href":"https:\/\/www.reveeveille.net\/candelhospitalet\/wp-json\/wp\/v2\/media\/1909"}],"wp:attachment":[{"href":"https:\/\/www.reveeveille.net\/candelhospitalet\/wp-json\/wp\/v2\/media?parent=1710"}],"wp:term":[{"taxonomy":"category","embeddable":true,"href":"https:\/\/www.reveeveille.net\/candelhospitalet\/wp-json\/wp\/v2\/categories?post=1710"},{"taxonomy":"post_tag","embeddable":true,"href":"https:\/\/www.reveeveille.net\/candelhospitalet\/wp-json\/wp\/v2\/tags?post=1710"}],"curies":[{"name":"wp","href":"https:\/\/api.w.org\/{rel}","templated":true}]}}