{"id":1707,"date":"2022-10-01T10:41:58","date_gmt":"2022-10-01T10:41:58","guid":{"rendered":"https:\/\/www.reveeveille.net\/candelhospitalet\/wordpress\/?p=1707"},"modified":"2022-10-01T10:42:00","modified_gmt":"2022-10-01T10:42:00","slug":"le-vallon-au-dessus-de-loultre","status":"publish","type":"post","link":"https:\/\/www.reveeveille.net\/candelhospitalet\/le-vallon-au-dessus-de-loultre\/","title":{"rendered":"Le vallon au dessus de l&rsquo;Oultre"},"content":{"rendered":"\n<p>Au sud de la can de Ferri\u00e8re, un vallon discret mais plein de charme est perch\u00e9 au dessus du hameau de l&rsquo;Oultre. Il ne mesure que quelques centaines de m\u00e8tres mais regorge de choses int\u00e9ressantes \u00e0 voir\u2026<br>Les prairies, d&rsquo;un vert \u00e9tonnant sur cette can presque partout ailleurs plut\u00f4t couleur gris terne, t\u00e9moignent que l&rsquo;endroit est sans doute relativement humide. L&rsquo;herbe y semble riche, bien entretenue, et au printemps c&rsquo;est une explosion de fleurs.<\/p>\n\n\n\n<figure class=\"wp-block-image\"><img decoding=\"async\" src=\"http:\/\/www.reveeveille.net\/photos\/2007\/0416_can_oultre\/20070416_can_oultre_allee.jpg\" alt=\"\"\/><figcaption>Comme une all\u00e9e, au centre du vallon<\/figcaption><\/figure>\n\n\n\n<figure class=\"wp-block-image\"><img decoding=\"async\" src=\"http:\/\/www.reveeveille.net\/photos\/2013\/0520_prospection_can_ferriere\/20130520_prospection_can_ferriere_02.jpg\" alt=\"\"\/><figcaption>Au dessus du vallon, en fin de journ\u00e9e<\/figcaption><\/figure>\n\n\n\n<figure class=\"wp-block-image\"><img decoding=\"async\" src=\"http:\/\/www.reveeveille.net\/photos\/2013\/0520_prospection_can_ferriere\/20130520_prospection_can_ferriere_03.jpg\" alt=\"\"\/><figcaption>Sur le rebord est du vallon, de beaux cheminements sont mat\u00e9rialis\u00e9s par des murets<\/figcaption><\/figure>\n\n\n\n<figure class=\"wp-block-image\"><img decoding=\"async\" src=\"http:\/\/www.reveeveille.net\/photos\/2007\/0416_can_oultre\/20070416_can_oultre_sophie_cueille.jpg\" alt=\"\"\/><figcaption>Cueillette dans le vallon<\/figcaption><\/figure>\n\n\n\n<iframe loading=\"lazy\" src=\"https:\/\/www.reveeveille.net\/geoportail\/cartepublique.aspx?idecrit=113\" width=\"100%\" height=\"400\"><\/iframe>\n","protected":false},"excerpt":{"rendered":"<p>Au sud de la can de Ferri\u00e8re, un vallon discret mais plein de charme est perch\u00e9 au dessus du hameau de l&rsquo;Oultre. Il ne mesure que quelques centaines de m\u00e8tres&hellip; <\/p>\n","protected":false},"author":3,"featured_media":1954,"comment_status":"open","ping_status":"open","sticky":false,"template":"","format":"standard","meta":{"_monsterinsights_skip_tracking":false,"_monsterinsights_sitenote_active":false,"_monsterinsights_sitenote_note":"","_monsterinsights_sitenote_category":0,"footnotes":""},"categories":[106],"tags":[43],"class_list":["post-1707","post","type-post","status-publish","format-standard","has-post-thumbnail","hentry","category-lieu","tag-can-de-ferriere"],"_links":{"self":[{"href":"https:\/\/www.reveeveille.net\/candelhospitalet\/wp-json\/wp\/v2\/posts\/1707","targetHints":{"allow":["GET"]}}],"collection":[{"href":"https:\/\/www.reveeveille.net\/candelhospitalet\/wp-json\/wp\/v2\/posts"}],"about":[{"href":"https:\/\/www.reveeveille.net\/candelhospitalet\/wp-json\/wp\/v2\/types\/post"}],"author":[{"embeddable":true,"href":"https:\/\/www.reveeveille.net\/candelhospitalet\/wp-json\/wp\/v2\/users\/3"}],"replies":[{"embeddable":true,"href":"https:\/\/www.reveeveille.net\/candelhospitalet\/wp-json\/wp\/v2\/comments?post=1707"}],"version-history":[{"count":2,"href":"https:\/\/www.reveeveille.net\/candelhospitalet\/wp-json\/wp\/v2\/posts\/1707\/revisions"}],"predecessor-version":[{"id":3724,"href":"https:\/\/www.reveeveille.net\/candelhospitalet\/wp-json\/wp\/v2\/posts\/1707\/revisions\/3724"}],"wp:featuredmedia":[{"embeddable":true,"href":"https:\/\/www.reveeveille.net\/candelhospitalet\/wp-json\/wp\/v2\/media\/1954"}],"wp:attachment":[{"href":"https:\/\/www.reveeveille.net\/candelhospitalet\/wp-json\/wp\/v2\/media?parent=1707"}],"wp:term":[{"taxonomy":"category","embeddable":true,"href":"https:\/\/www.reveeveille.net\/candelhospitalet\/wp-json\/wp\/v2\/categories?post=1707"},{"taxonomy":"post_tag","embeddable":true,"href":"https:\/\/www.reveeveille.net\/candelhospitalet\/wp-json\/wp\/v2\/tags?post=1707"}],"curies":[{"name":"wp","href":"https:\/\/api.w.org\/{rel}","templated":true}]}}