{"id":1695,"date":"2022-10-01T10:34:49","date_gmt":"2022-10-01T10:34:49","guid":{"rendered":"https:\/\/www.reveeveille.net\/candelhospitalet\/wordpress\/?p=1695"},"modified":"2022-10-01T10:38:41","modified_gmt":"2022-10-01T10:38:41","slug":"la-can-de-balazuegne","status":"publish","type":"post","link":"https:\/\/www.reveeveille.net\/candelhospitalet\/la-can-de-balazuegne\/","title":{"rendered":"La can de Balazu\u00e8gne"},"content":{"rendered":"\n<p>La can de Balazu\u00e8gne est l&rsquo;ultime avanc\u00e9e nord du plateau des cans. Elle surplombe les vall\u00e9e de la Mimente (au nord) et du Brian\u00e7on \u00e0 l&rsquo;est. Ceux qui fr\u00e9quentent ce lieu y ont quelque chose de pr\u00e9cis \u00e0 faire, car on est ici bien loin de la partie passante de la can de l&rsquo;Hospitalet : la premi\u00e8re routes est \u00e0 plusieurs kilom\u00e8tres.<\/p>\n\n\n\n<figure class=\"wp-block-image\"><img decoding=\"async\" src=\"http:\/\/www.reveeveille.net\/photos\/2006\/0504_can_ferriere_balazuegne\/20060504_can_ferriere_balazuegne_bergerie_marcel_2.jpg\" alt=\"\"\/><figcaption>La \u00ab\u00a0bergerie de Marcel\u00a0\u00bb<\/figcaption><\/figure>\n\n\n<div class=\"pt-cv-wrapper\"><div class=\"pt-cv-view pt-cv-grid pt-cv-colsys\" id=\"pt-cv-view-3100ef1x0i\"><div data-id=\"pt-cv-page-1\" class=\"pt-cv-page\" data-cvc=\"2\"><div class=\"col-md-6 col-sm-6 col-xs-12 pt-cv-content-item pt-cv-2-col\" ><div class='pt-cv-ifield'><a href=\"https:\/\/www.reveeveille.net\/candelhospitalet\/laven-de-ventajols\/\" class=\"_self pt-cv-href-thumbnail pt-cv-thumb-left\" target=\"_self\" ><img loading=\"lazy\" decoding=\"async\" width=\"150\" height=\"150\" src=\"https:\/\/www.reveeveille.net\/candelhospitalet\/wp-content\/uploads\/2021\/07\/20070428_aven_ventajols_nils_entree-150x150.jpg\" class=\"pt-cv-thumbnail pull-left\" alt=\"\" \/><\/a>\n<h4 class=\"pt-cv-title\"><a href=\"https:\/\/www.reveeveille.net\/candelhospitalet\/laven-de-ventajols\/\" class=\"_self\" target=\"_self\" >L&rsquo;aven de Ventajols<\/a><\/h4>\n<div class=\"pt-cv-content\">L'aven de Ventajols est situ\u00e9 sur le rebord occidental de la can de Balazu\u00e8gnes, non loin du point c\u00f4t\u00e9 972 ...<br \/><div class=\"pt-cv-rmwrap\"><a href=\"https:\/\/www.reveeveille.net\/candelhospitalet\/laven-de-ventajols\/\" class=\"_self pt-cv-readmore btn btn-success\" target=\"_self\">Lire La Suite\u2026<\/a><\/div><\/div><\/div><\/div>\n<div class=\"col-md-6 col-sm-6 col-xs-12 pt-cv-content-item pt-cv-2-col\" ><div class='pt-cv-ifield'><a href=\"https:\/\/www.reveeveille.net\/candelhospitalet\/la-meule-abandonnee-de-la-can-de-balazuegne\/\" class=\"_self pt-cv-href-thumbnail pt-cv-thumb-left\" target=\"_self\" ><img loading=\"lazy\" decoding=\"async\" width=\"150\" height=\"150\" src=\"https:\/\/www.reveeveille.net\/candelhospitalet\/wp-content\/uploads\/2021\/07\/20060322_balazuegnes_can_mathieu_segolene_meule_et_matthieu-150x150.jpg\" class=\"pt-cv-thumbnail pull-left\" alt=\"\" \/><\/a>\n<h4 class=\"pt-cv-title\"><a href=\"https:\/\/www.reveeveille.net\/candelhospitalet\/la-meule-abandonnee-de-la-can-de-balazuegne\/\" class=\"_self\" target=\"_self\" >La meule abandonn\u00e9e de la can de Balazu\u00e8gne<\/a><\/h4>\n<div class=\"pt-cv-content\">Sur le contrefort est de la can de Balazu\u00e8gne, dans une couche de gr\u00e8s tr\u00e8s grossier situ\u00e9e \u00e0 environ 200 ...<br \/><div class=\"pt-cv-rmwrap\"><a href=\"https:\/\/www.reveeveille.net\/candelhospitalet\/la-meule-abandonnee-de-la-can-de-balazuegne\/\" class=\"_self pt-cv-readmore btn btn-success\" target=\"_self\">Lire La Suite\u2026<\/a><\/div><\/div><\/div><\/div><\/div><\/div><\/div>\n\n\n\n<iframe loading=\"lazy\" src=\"https:\/\/www.reveeveille.net\/geoportail\/cartepublique.aspx?idrubric=52\" width=\"100%\" height=\"400\"><\/iframe>\n","protected":false},"excerpt":{"rendered":"<p>La can de Balazu\u00e8gne est l&rsquo;ultime avanc\u00e9e nord du plateau des cans. Elle surplombe les vall\u00e9e de la Mimente (au nord) et du Brian\u00e7on \u00e0 l&rsquo;est. Ceux qui fr\u00e9quentent ce&hellip; <\/p>\n","protected":false},"author":3,"featured_media":1894,"comment_status":"open","ping_status":"open","sticky":false,"template":"","format":"standard","meta":{"_monsterinsights_skip_tracking":false,"_monsterinsights_sitenote_active":false,"_monsterinsights_sitenote_note":"","_monsterinsights_sitenote_category":0,"footnotes":""},"categories":[10],"tags":[],"class_list":["post-1695","post","type-post","status-publish","format-standard","has-post-thumbnail","hentry","category-les-lieux"],"_links":{"self":[{"href":"https:\/\/www.reveeveille.net\/candelhospitalet\/wp-json\/wp\/v2\/posts\/1695","targetHints":{"allow":["GET"]}}],"collection":[{"href":"https:\/\/www.reveeveille.net\/candelhospitalet\/wp-json\/wp\/v2\/posts"}],"about":[{"href":"https:\/\/www.reveeveille.net\/candelhospitalet\/wp-json\/wp\/v2\/types\/post"}],"author":[{"embeddable":true,"href":"https:\/\/www.reveeveille.net\/candelhospitalet\/wp-json\/wp\/v2\/users\/3"}],"replies":[{"embeddable":true,"href":"https:\/\/www.reveeveille.net\/candelhospitalet\/wp-json\/wp\/v2\/comments?post=1695"}],"version-history":[{"count":5,"href":"https:\/\/www.reveeveille.net\/candelhospitalet\/wp-json\/wp\/v2\/posts\/1695\/revisions"}],"predecessor-version":[{"id":3720,"href":"https:\/\/www.reveeveille.net\/candelhospitalet\/wp-json\/wp\/v2\/posts\/1695\/revisions\/3720"}],"wp:featuredmedia":[{"embeddable":true,"href":"https:\/\/www.reveeveille.net\/candelhospitalet\/wp-json\/wp\/v2\/media\/1894"}],"wp:attachment":[{"href":"https:\/\/www.reveeveille.net\/candelhospitalet\/wp-json\/wp\/v2\/media?parent=1695"}],"wp:term":[{"taxonomy":"category","embeddable":true,"href":"https:\/\/www.reveeveille.net\/candelhospitalet\/wp-json\/wp\/v2\/categories?post=1695"},{"taxonomy":"post_tag","embeddable":true,"href":"https:\/\/www.reveeveille.net\/candelhospitalet\/wp-json\/wp\/v2\/tags?post=1695"}],"curies":[{"name":"wp","href":"https:\/\/api.w.org\/{rel}","templated":true}]}}