{"id":1669,"date":"2023-08-17T09:55:55","date_gmt":"2023-08-17T09:55:55","guid":{"rendered":"https:\/\/www.reveeveille.net\/candelhospitalet\/wordpress\/?p=1669"},"modified":"2023-08-17T15:29:48","modified_gmt":"2023-08-17T15:29:48","slug":"la-can-de-tardonnenche","status":"publish","type":"post","link":"https:\/\/www.reveeveille.net\/candelhospitalet\/la-can-de-tardonnenche\/","title":{"rendered":"La can de Tardonnenche"},"content":{"rendered":"\n<p class=\"has-text-align-right\"><em>Image d&rsquo;en-t\u00eate :<\/em><br><em>La can de Tardonnenche,<\/em><br><em>vue depuis le Mont Gargo sur le Causse M\u00e9jean,<\/em><br><em>penche curieusement vers la gauche\u2026<\/em><\/p>\n\n\n\n<p>Tardonnenche&#8230; \u00ab\u00a0Tard dans la nuit\u00a0\u00bb, aime-t-on \u00e0 traduire ce nom d&rsquo;origine occitane. Tardonnenche, c&rsquo;est \u00e0 la fois le nom d&rsquo;une \u00ab\u00a0can\u00a0\u00bb, un petit plateau calcaire reli\u00e9 au&nbsp; plus vaste ensemble de la \u00ab\u00a0Can de l&rsquo;Hospitalet\u00a0\u00bb, et un hameau, haut perch\u00e9 sur le flanc sur de la can, qui fait partie de la commune de Florac. Pauvre Florac, au c\u0153ur de l&rsquo;hiver elle plonge dans l&rsquo;ombre d\u00e8s 3 heures de l&rsquo;apr\u00e8s-midi alors que l\u00e0 haut Tardonnenche, \u00ab\u00a0Tardo\u00a0\u00bb, est encore \u00e9clair\u00e9e pour longtemps&#8230; D&rsquo;o\u00f9 cette traduction, rien moins qu&rsquo;inexacte d&rsquo;apr\u00e8s les \u00e9tymologistes (il faudrait plut\u00f4t y voir l&rsquo;influence du Tarnon qui coule en contrebas). Mais ce n&rsquo;est pas grave, on continuera \u00e0 croire que Tardo c&rsquo;est le village ou il fait soleil tard dans la nuit&#8230;<\/p>\n\n\n\n<figure class=\"wp-block-image\"><img decoding=\"async\" src=\"http:\/\/www.reveeveille.net\/photos\/2020\/0831_can_de_tardonnenche\/20200831_can_de_tardonnenche_01.jpg\" alt=\"\"\/><\/figure>\n\n\n\n<p><\/p>\n\n\n\n<div class=\"wp-block-group\"><div class=\"wp-block-group__inner-container is-layout-flow wp-block-group-is-layout-flow\">\n<div class=\"wp-block-columns is-layout-flex wp-container-core-columns-is-layout-9d6595d7 wp-block-columns-is-layout-flex\">\n<div class=\"wp-block-column is-layout-flow wp-block-column-is-layout-flow\"><div class=\"wp-block-image\">\n<figure class=\"aligncenter\"><img decoding=\"async\" src=\"http:\/\/www.reveeveille.net\/photos\/2006\/1221_can_tardo\/20061221_can_tardo_prairies_au_bout.jpg\" alt=\"\"\/><figcaption class=\"wp-element-caption\">Les vastes prairies de l&rsquo;extr\u00e9mit\u00e9 nord-ouest de la can de Tardo. De l\u00e0 on croirait presque pouvoir toucher le M\u00e9jean\u2026 alors qu&rsquo;il y a la vall\u00e9e du Tarnon \u00e0 traverser ! Au loin, la fum\u00e9e d&rsquo;un \u00e9cobuage sur le causse.<\/figcaption><\/figure>\n<\/div><\/div>\n\n\n\n<div class=\"wp-block-column is-layout-flow wp-block-column-is-layout-flow\"><div class=\"wp-block-image\">\n<figure class=\"aligncenter\"><img decoding=\"async\" src=\"http:\/\/www.reveeveille.net\/photos\/2007\/0421_can_tardo\/20070421_can_tardo_arbre_devant_clapas.jpg\" alt=\"\"\/><figcaption class=\"wp-element-caption\">Arbre devant un clapas<\/figcaption><\/figure>\n<\/div>\n\n<div class=\"wp-block-image\">\n<figure class=\"aligncenter\"><img decoding=\"async\" src=\"http:\/\/www.reveeveille.net\/photos\/2023\/0108_can_de_tardo_borie_giral\/20230108_can_de_tardo_borie_giral_05.jpg\" alt=\"\"\/><figcaption class=\"wp-element-caption\">Au nord de la can de Tardo, le chemin plonge vers la vall\u00e9e c\u00e9venole de la Mimente<\/figcaption><\/figure>\n<\/div><\/div>\n<\/div>\n<\/div><\/div>\n\n\n<div class=\"wp-block-image\">\n<figure class=\"aligncenter\"><img decoding=\"async\" src=\"http:\/\/www.reveeveille.net\/photos\/2023\/0108_can_de_tardo_borie_giral\/20230108_can_de_tardo_borie_giral_02.jpg\" alt=\"\"\/><figcaption class=\"wp-element-caption\">La petite bergerie sur la can de Tardonnenche<\/figcaption><\/figure>\n<\/div>\n\n\n<p>La situation de la can de Tardonnenche est paradoxale : de ses prairies on y surplombe directement les premiers quartiers de Florac, la grande capitale du sud du d\u00e9partement, qui \u00e9tale \u00e0 nos pieds ses fabuleux 1600 habitants. La can devrait donc \u00eatre un endroit fr\u00e9quent\u00e9, le dernier lieu \u00e0 la mode pour les promenades du Dimanche des Floracois&#8230; et pourtant il n&rsquo;en est rien, car aucune voie de communication directe ne la relie \u00e0 la vall\u00e9e. Pour y monter depuis la sous-pr\u00e9fecture, il faut faire un tr\u00e8s large d\u00e9tour par Saint Laurent de Tr\u00e8ves et le col du Rey, \u00e0 plus de 10 kilom\u00e8tres au sud, puis revenir vers le nord par une route minuscule puis une piste -interdite \u00e0 la circulation car en zone c\u0153ur du Parc National des C\u00e9vennes. 20 kilom\u00e8tres pour en faire un&#8230;<\/p>\n\n\n\n<p>La can de Tardonnenche reste donc vide&#8230;<\/p>\n\n\n<div class=\"wp-block-image\">\n<figure class=\"aligncenter\"><img decoding=\"async\" src=\"http:\/\/www.reveeveille.net\/photos\/2007\/0119_can_artigues\/20070119_can_artigues_can_tardo_pano.jpg\" alt=\"\"\/><figcaption class=\"wp-element-caption\">La can de Tardo dans les derni\u00e8res lueurs du soir, vue de la can d&rsquo;Artigue<\/figcaption><\/figure>\n<\/div>\n\n<div class=\"wp-block-image\">\n<figure class=\"aligncenter\"><img decoding=\"async\" src=\"http:\/\/www.reveeveille.net\/photos\/2023\/0108_can_de_tardo_borie_giral\/20230108_can_de_tardo_borie_giral_01.jpg\" alt=\"\"\/><figcaption class=\"wp-element-caption\">Ambiance Miyasaki sous la can de Tardonnenche<\/figcaption><\/figure>\n<\/div>\n\n\n<p>C&rsquo;est pourtant un lieu magnifique et diversifi\u00e9. Les prairies du plateau sommital sont parmi les plus grandes et les plus belles de l&rsquo;ensemble des cans. Une assembl\u00e9e protestante secr\u00e8te y a eu lieu durant la p\u00e9riode du <a href=\"https:\/\/www.reveeveille.net\/candelhospitalet\/le-desert-1685-1787\/\" data-type=\"post\" data-id=\"2424\">D\u00e9sert<\/a>, dans une doline cach\u00e9e aux regards : <a href=\"https:\/\/www.reveeveille.net\/candelhospitalet\/cros-paradis\/\" data-type=\"post\" data-id=\"1680\">Cros Paradis<\/a>. Le versant nord-est du plateau, qui donne sur la vall\u00e9e de la Mimente, est plein de tr\u00e9sors : la <a href=\"https:\/\/www.reveeveille.net\/candelhospitalet\/?p=631\" data-type=\"post\" data-id=\"631\">baume de Giral<\/a>, les nombreuses <a href=\"https:\/\/www.reveeveille.net\/candelhospitalet\/les-cazelles-de-la-can-de-lhospitalet\/\" data-type=\"post\" data-id=\"2306\">cazelles<\/a>, les <a href=\"https:\/\/www.reveeveille.net\/candelhospitalet\/les-traces-de-dinosaure-sur-la-can-de-lhospitalet-et-autour\/\" data-type=\"post\" data-id=\"2274\">traces de dinosaure <\/a>du ravin de Fontanilles, l&rsquo;<a href=\"https:\/\/www.reveeveille.net\/candelhospitalet\/?p=723\" data-type=\"post\" data-id=\"723\">aven de Ventajols<\/a>&#8230;<\/p>\n\n\n\n<p><\/p>\n\n\n\n<iframe loading=\"lazy\" src=\"https:\/\/www.reveeveille.net\/geoportail\/cartepublique.aspx?idecrit=63\" width=\"100%\" height=\"400\"><\/iframe>\n\n\n<div class=\"pt-cv-wrapper\"><div class=\"pt-cv-view pt-cv-grid pt-cv-colsys\" id=\"pt-cv-view-eac5a40wlb\"><div data-id=\"pt-cv-page-1\" class=\"pt-cv-page\" data-cvc=\"1\"><div class=\"col-md-12 col-sm-12 col-xs-12 pt-cv-content-item pt-cv-2-col\" ><div class='pt-cv-ifield'><a href=\"https:\/\/www.reveeveille.net\/candelhospitalet\/la-baume-de-giral\/\" class=\"_self pt-cv-href-thumbnail pt-cv-thumb-left\" target=\"_self\" ><img loading=\"lazy\" decoding=\"async\" width=\"150\" height=\"150\" src=\"https:\/\/www.reveeveille.net\/candelhospitalet\/wp-content\/uploads\/2021\/07\/20060618_baume_de_giral_entree-150x150.jpg\" class=\"pt-cv-thumbnail pull-left\" alt=\"\" \/><\/a>\n<h4 class=\"pt-cv-title\"><a href=\"https:\/\/www.reveeveille.net\/candelhospitalet\/la-baume-de-giral\/\" class=\"_self\" target=\"_self\" >La Baume de Giral<\/a><\/h4>\n<div class=\"pt-cv-content\">Voici encore un lieu plein de souvenirs, o\u00f9 le r\u00e9el et l'imaginaire se c\u00f4toient sans qu'il soit toujours possible de ...<br \/><div class=\"pt-cv-rmwrap\"><a href=\"https:\/\/www.reveeveille.net\/candelhospitalet\/la-baume-de-giral\/\" class=\"_self pt-cv-readmore btn btn-success\" target=\"_self\">Lire La Suite\u2026<\/a><\/div><\/div><\/div><\/div>\n<div class=\"col-md-12 col-sm-12 col-xs-12 pt-cv-content-item pt-cv-2-col\" ><div class='pt-cv-ifield'><a href=\"https:\/\/www.reveeveille.net\/candelhospitalet\/laven-de-tardonnenche\/\" class=\"_self pt-cv-href-thumbnail pt-cv-thumb-left\" target=\"_self\" ><img loading=\"lazy\" decoding=\"async\" width=\"150\" height=\"150\" src=\"https:\/\/www.reveeveille.net\/candelhospitalet\/wp-content\/uploads\/2021\/07\/20100410_can_de_tardonnenche_08-150x150.jpg\" class=\"pt-cv-thumbnail pull-left\" alt=\"\" \/><\/a>\n<h4 class=\"pt-cv-title\"><a href=\"https:\/\/www.reveeveille.net\/candelhospitalet\/laven-de-tardonnenche\/\" class=\"_self\" target=\"_self\" >L&rsquo;aven de Tardonnenche<\/a><\/h4>\n<div class=\"pt-cv-content\">Dans un de ses \u00e9crits datant des ann\u00e9es 50, Camille Hugues, l'infatigable explorateur des plateaux situ\u00e9s entre le Tarnon et ...<br \/><div class=\"pt-cv-rmwrap\"><a href=\"https:\/\/www.reveeveille.net\/candelhospitalet\/laven-de-tardonnenche\/\" class=\"_self pt-cv-readmore btn btn-success\" target=\"_self\">Lire La Suite\u2026<\/a><\/div><\/div><\/div><\/div>\n<div class=\"col-md-12 col-sm-12 col-xs-12 pt-cv-content-item pt-cv-2-col\" ><div class='pt-cv-ifield'><a href=\"https:\/\/www.reveeveille.net\/candelhospitalet\/cros-paradis\/\" class=\"_self pt-cv-href-thumbnail pt-cv-thumb-left\" target=\"_self\" ><img loading=\"lazy\" decoding=\"async\" width=\"150\" height=\"150\" src=\"https:\/\/www.reveeveille.net\/candelhospitalet\/wp-content\/uploads\/2021\/07\/20060215_cros_paradis_roger_autre-150x150.jpg\" class=\"pt-cv-thumbnail pull-left\" alt=\"\" \/><\/a>\n<h4 class=\"pt-cv-title\"><a href=\"https:\/\/www.reveeveille.net\/candelhospitalet\/cros-paradis\/\" class=\"_self\" target=\"_self\" >Cros Paradis<\/a><\/h4>\n<div class=\"pt-cv-content\">Le Cros paradis est une \"doline\", c'est \u00e0 dire une d\u00e9pression dans la surface relativement plane de la can de ...<br \/><div class=\"pt-cv-rmwrap\"><a href=\"https:\/\/www.reveeveille.net\/candelhospitalet\/cros-paradis\/\" class=\"_self pt-cv-readmore btn btn-success\" target=\"_self\">Lire La Suite\u2026<\/a><\/div><\/div><\/div><\/div>\n<div class=\"col-md-12 col-sm-12 col-xs-12 pt-cv-content-item pt-cv-2-col\" ><div class='pt-cv-ifield'><a href=\"https:\/\/www.reveeveille.net\/candelhospitalet\/le-point-cote-984-de-la-can-de-tardo\/\" class=\"_self pt-cv-href-thumbnail pt-cv-thumb-left\" target=\"_self\" ><img loading=\"lazy\" decoding=\"async\" width=\"150\" height=\"150\" src=\"https:\/\/www.reveeveille.net\/candelhospitalet\/wp-content\/uploads\/2021\/07\/20070421_can_tardo_prairie_cote_984-150x150.jpg\" class=\"pt-cv-thumbnail pull-left\" alt=\"\" \/><\/a>\n<h4 class=\"pt-cv-title\"><a href=\"https:\/\/www.reveeveille.net\/candelhospitalet\/le-point-cote-984-de-la-can-de-tardo\/\" class=\"_self\" target=\"_self\" >Le point c\u00f4t\u00e9 984 de la can de Tardo<\/a><\/h4>\n<div class=\"pt-cv-content\">Le point c\u00f4t\u00e9 984 est une excroissance de la can de Tardonnenche qui s'avance vers le nord au dessus du ...<br \/><div class=\"pt-cv-rmwrap\"><a href=\"https:\/\/www.reveeveille.net\/candelhospitalet\/le-point-cote-984-de-la-can-de-tardo\/\" class=\"_self pt-cv-readmore btn btn-success\" target=\"_self\">Lire La Suite\u2026<\/a><\/div><\/div><\/div><\/div>\n<div class=\"col-md-12 col-sm-12 col-xs-12 pt-cv-content-item pt-cv-2-col\" ><div class='pt-cv-ifield'><a href=\"https:\/\/www.reveeveille.net\/candelhospitalet\/cazelle-de-giral\/\" class=\"_self pt-cv-href-thumbnail pt-cv-thumb-left\" target=\"_self\" ><img loading=\"lazy\" decoding=\"async\" width=\"150\" height=\"150\" src=\"https:\/\/www.reveeveille.net\/candelhospitalet\/wp-content\/uploads\/2022\/02\/20060618_baume_de_giral_dessus_cazelle-150x150.jpg\" class=\"pt-cv-thumbnail pull-left\" alt=\"\" \/><\/a>\n<h4 class=\"pt-cv-title\"><a href=\"https:\/\/www.reveeveille.net\/candelhospitalet\/cazelle-de-giral\/\" class=\"_self\" target=\"_self\" >Cazelle de Giral<\/a><\/h4>\n<div class=\"pt-cv-content\">Sur une avanc\u00e9e de la can de Tardonnenche en direction du nord, juste en face de la baume de Giral, ...<br \/><div class=\"pt-cv-rmwrap\"><a href=\"https:\/\/www.reveeveille.net\/candelhospitalet\/cazelle-de-giral\/\" class=\"_self pt-cv-readmore btn btn-success\" target=\"_self\">Lire La Suite\u2026<\/a><\/div><\/div><\/div><\/div><\/div><\/div><\/div>\n","protected":false},"excerpt":{"rendered":"<p>Image d&rsquo;en-t\u00eate :La can de Tardonnenche,vue depuis le Mont Gargo sur le Causse M\u00e9jean,penche curieusement vers la gauche\u2026 Tardonnenche&#8230; \u00ab\u00a0Tard dans la nuit\u00a0\u00bb, aime-t-on \u00e0 traduire ce nom d&rsquo;origine occitane.&hellip; <\/p>\n","protected":false},"author":3,"featured_media":1882,"comment_status":"open","ping_status":"open","sticky":false,"template":"","format":"standard","meta":{"_monsterinsights_skip_tracking":false,"_monsterinsights_sitenote_active":false,"_monsterinsights_sitenote_note":"","_monsterinsights_sitenote_category":0,"footnotes":""},"categories":[10],"tags":[],"class_list":["post-1669","post","type-post","status-publish","format-standard","has-post-thumbnail","hentry","category-les-lieux"],"_links":{"self":[{"href":"https:\/\/www.reveeveille.net\/candelhospitalet\/wp-json\/wp\/v2\/posts\/1669","targetHints":{"allow":["GET"]}}],"collection":[{"href":"https:\/\/www.reveeveille.net\/candelhospitalet\/wp-json\/wp\/v2\/posts"}],"about":[{"href":"https:\/\/www.reveeveille.net\/candelhospitalet\/wp-json\/wp\/v2\/types\/post"}],"author":[{"embeddable":true,"href":"https:\/\/www.reveeveille.net\/candelhospitalet\/wp-json\/wp\/v2\/users\/3"}],"replies":[{"embeddable":true,"href":"https:\/\/www.reveeveille.net\/candelhospitalet\/wp-json\/wp\/v2\/comments?post=1669"}],"version-history":[{"count":8,"href":"https:\/\/www.reveeveille.net\/candelhospitalet\/wp-json\/wp\/v2\/posts\/1669\/revisions"}],"predecessor-version":[{"id":4034,"href":"https:\/\/www.reveeveille.net\/candelhospitalet\/wp-json\/wp\/v2\/posts\/1669\/revisions\/4034"}],"wp:featuredmedia":[{"embeddable":true,"href":"https:\/\/www.reveeveille.net\/candelhospitalet\/wp-json\/wp\/v2\/media\/1882"}],"wp:attachment":[{"href":"https:\/\/www.reveeveille.net\/candelhospitalet\/wp-json\/wp\/v2\/media?parent=1669"}],"wp:term":[{"taxonomy":"category","embeddable":true,"href":"https:\/\/www.reveeveille.net\/candelhospitalet\/wp-json\/wp\/v2\/categories?post=1669"},{"taxonomy":"post_tag","embeddable":true,"href":"https:\/\/www.reveeveille.net\/candelhospitalet\/wp-json\/wp\/v2\/tags?post=1669"}],"curies":[{"name":"wp","href":"https:\/\/api.w.org\/{rel}","templated":true}]}}