{"id":1630,"date":"2022-09-19T08:32:44","date_gmt":"2022-09-19T08:32:44","guid":{"rendered":"https:\/\/www.reveeveille.net\/candelhospitalet\/wordpress\/?p=1630"},"modified":"2022-09-19T08:32:47","modified_gmt":"2022-09-19T08:32:47","slug":"la-route-cardinale","status":"publish","type":"post","link":"https:\/\/www.reveeveille.net\/candelhospitalet\/la-route-cardinale\/","title":{"rendered":"La route Cardinale"},"content":{"rendered":"\n<p>La route Cardinale, ou c\u00f4te Cardinale, est une petite route raide et tortueuse qui monte de Salgas vers la can de l&rsquo;Hospitalet, qu&rsquo;elle rejoint au <a href=\"https:\/\/www.reveeveille.net\/candelhospitalet\/?p=1787\">col de Solp\u00e9ri\u00e8re<\/a>. La construction de cet axe&nbsp;a d\u00fb s&rsquo;av\u00e9rer compliqu\u00e9e et couteuse, et on peut se demander ce qui l&rsquo;a motiv\u00e9 vu le faible int\u00e9r\u00eat strat\u00e9gique.<\/p>\n\n\n\n<p>Au XVIII\u00e8me si\u00e8cle, le cardinal de Bernis, soucieux d&rsquo;\u00e9tablir une voie commode entre le ch\u00e2teau de Salgas r\u00e9nov\u00e9 et la ferme de l&rsquo;Hospitalet qui appartenait \u00e0 un seigneur de sa famille, usa de son influence pour faire ouvrir une route directe entre les deux lieux-dits, sur une longueur de 4 km environ. Cette route permettrait de relier directement Salgas \u00e0 N\u00eemes.<\/p>\n\n\n\n<figure class=\"wp-block-image\"><img decoding=\"async\" src=\"http:\/\/www.reveeveille.net\/photos\/2006\/0613_can_broussous\/20060613_can_broussous_vallon_de_solperiere.jpg\" alt=\"\"\/><figcaption>Le vallon de Solp\u00e9riere, et la route Cardinale<\/figcaption><\/figure>\n\n\n\n<p>Une controverse s&rsquo;\u00e9tablit avec les habitants de V\u00e9bron et Fraissinet, qui pr\u00e9f\u00e9raient \u00e9tablir une route vers le Pont de Mazel, qui leur donnerait un acc\u00e8s pratique vers Florac, ou se tenait un important march\u00e9 hebdomadaire. Le 23 novembre 1766, l&rsquo;assembl\u00e9e consulaire f\u00fbt appel\u00e9e \u00e0 donner son avis. Pour la premi\u00e8re fois, habitants de Fraissinet et de V\u00e9bron, donc catholiques et protestants, s&rsquo;unirent dans le vote pour repousser le projet&#8230; mais le puissant cardinal ne voulut pas en d\u00e9mordre et gagna gain de cause, avec l&rsquo;aide de l&rsquo;argument financier : sa route ne co\u00fbtait que 3000 livres, contre 10.000 pour la jonction directe avec Florac.<\/p>\n\n\n\n<div class=\"wp-block-group\"><div class=\"wp-block-group__inner-container is-layout-flow wp-block-group-is-layout-flow\">\n<div class=\"wp-block-columns is-layout-flex wp-container-core-columns-is-layout-9d6595d7 wp-block-columns-is-layout-flex\">\n<div class=\"wp-block-column is-layout-flow wp-block-column-is-layout-flow\">\n<figure class=\"wp-block-image\"><img decoding=\"async\" src=\"http:\/\/www.reveeveille.net\/photos\/2006\/0528_pesquie\/20060528_pesquie_autre_borne_salgas.jpg\" alt=\"\"\/><figcaption>La borne gauche de la route Cardinale<\/figcaption><\/figure>\n<\/div>\n\n\n\n<div class=\"wp-block-column is-layout-flow wp-block-column-is-layout-flow\">\n<figure class=\"wp-block-image\"><img decoding=\"async\" src=\"http:\/\/www.reveeveille.net\/photos\/2006\/0528_pesquie\/20060528_pesquie_borne_chemin_de_salgas.jpg\" alt=\"\"\/><figcaption>La borne droite de la route Cardinale, au col de Solp\u00e9ri\u00e8re<\/figcaption><\/figure>\n<\/div>\n<\/div>\n<\/div><\/div>\n\n\n\n<p>La route f\u00fbt donc construite et prit le nom de \u00ab\u00a0c\u00f4te Cardinale\u00a0\u00bb (actuellement D 49). A partir de 1788 (ach\u00e8vement de la route col du Rey &#8211; Florac) la Cardinale constituait la seule mani\u00e8re de relier V\u00e9bron \u00e0 Florac avec une charrette, en faisant cet \u00e9tonnant d\u00e9tour qui consiste \u00e0 monter sur la can pour en redescendre aussitot. Le chemin direct par la vall\u00e9e du Tarnon n&rsquo;\u00e9tant alors que muletier, et pour longtemps encore. Les v\u00e9bronnais durent attendre leur route directe vers Florac pendant pr\u00e8s de 50 ans (sa construction s&rsquo;\u00e9chelonna de 1816 \u00e0 1824).<\/p>\n\n\n\n<p>En 1950, des cantonniers, comme pour la destruction du ch\u00e2teau de <a href=\"https:\/\/www.reveeveille.net\/candelhospitalet\/?p=649\">Terre Rouge<\/a>, comblaient les nids de poule de cette route avec des brouett\u00e9es de terre farcie de c\u00e9ramiques pr\u00e9lev\u00e9es sur un habitat gallo-romain \u00e9tabli un peu au sud, entre le carrefour de la cardinale et les b\u00e2timents de l&rsquo;Hospitalet !<\/p>\n\n\n\n<iframe loading=\"lazy\" src=\"https:\/\/www.reveeveille.net\/geoportail\/cartepublique.aspx?idecrit=138\" width=\"100%\" height=\"400\"><\/iframe>\n","protected":false},"excerpt":{"rendered":"<p>La route Cardinale, ou c\u00f4te Cardinale, est une petite route raide et tortueuse qui monte de Salgas vers la can de l&rsquo;Hospitalet, qu&rsquo;elle rejoint au col de Solp\u00e9ri\u00e8re. La construction&hellip; <\/p>\n","protected":false},"author":3,"featured_media":1927,"comment_status":"open","ping_status":"open","sticky":false,"template":"","format":"standard","meta":{"_monsterinsights_skip_tracking":false,"_monsterinsights_sitenote_active":false,"_monsterinsights_sitenote_note":"","_monsterinsights_sitenote_category":0,"footnotes":""},"categories":[6,82],"tags":[55,86],"class_list":["post-1630","post","type-post","status-publish","format-standard","has-post-thumbnail","hentry","category-histoire","category-routes-et-chemins","tag-fau-florit","tag-xviii"],"_links":{"self":[{"href":"https:\/\/www.reveeveille.net\/candelhospitalet\/wp-json\/wp\/v2\/posts\/1630","targetHints":{"allow":["GET"]}}],"collection":[{"href":"https:\/\/www.reveeveille.net\/candelhospitalet\/wp-json\/wp\/v2\/posts"}],"about":[{"href":"https:\/\/www.reveeveille.net\/candelhospitalet\/wp-json\/wp\/v2\/types\/post"}],"author":[{"embeddable":true,"href":"https:\/\/www.reveeveille.net\/candelhospitalet\/wp-json\/wp\/v2\/users\/3"}],"replies":[{"embeddable":true,"href":"https:\/\/www.reveeveille.net\/candelhospitalet\/wp-json\/wp\/v2\/comments?post=1630"}],"version-history":[{"count":4,"href":"https:\/\/www.reveeveille.net\/candelhospitalet\/wp-json\/wp\/v2\/posts\/1630\/revisions"}],"predecessor-version":[{"id":3699,"href":"https:\/\/www.reveeveille.net\/candelhospitalet\/wp-json\/wp\/v2\/posts\/1630\/revisions\/3699"}],"wp:featuredmedia":[{"embeddable":true,"href":"https:\/\/www.reveeveille.net\/candelhospitalet\/wp-json\/wp\/v2\/media\/1927"}],"wp:attachment":[{"href":"https:\/\/www.reveeveille.net\/candelhospitalet\/wp-json\/wp\/v2\/media?parent=1630"}],"wp:term":[{"taxonomy":"category","embeddable":true,"href":"https:\/\/www.reveeveille.net\/candelhospitalet\/wp-json\/wp\/v2\/categories?post=1630"},{"taxonomy":"post_tag","embeddable":true,"href":"https:\/\/www.reveeveille.net\/candelhospitalet\/wp-json\/wp\/v2\/tags?post=1630"}],"curies":[{"name":"wp","href":"https:\/\/api.w.org\/{rel}","templated":true}]}}