{"id":1231,"date":"2022-07-29T15:23:19","date_gmt":"2022-07-29T15:23:19","guid":{"rendered":"https:\/\/www.reveeveille.net\/cevennevivante\/wordpress\/?p=1231"},"modified":"2022-07-29T17:08:58","modified_gmt":"2022-07-29T17:08:58","slug":"les-limonites-et-les-nodules-ferreux-de-la-can-de-lhospitalet","status":"publish","type":"post","link":"https:\/\/www.reveeveille.net\/candelhospitalet\/les-limonites-et-les-nodules-ferreux-de-la-can-de-lhospitalet\/","title":{"rendered":"Les limonites et les nodules ferreux de la can de l&rsquo;Hospitalet"},"content":{"rendered":"\n<p>Les sols calcaires de la can de l&rsquo;Hospitalet sont relativement riches en fer. Ce fait est connu depuis tr\u00e8s longtemps puisqu&rsquo;on trouve, en de nombreux endroits du plateau, des vestiges de <a href=\"http:\/\/www.reveeveille.net\/gestion\/un_ecrit;aspx?idecrit=551\">bas-fourneaux<\/a> ayant servi \u00e0 produire du fer durant la p\u00e9riode que l&rsquo;on a pr\u00e9cis\u00e9ment appel\u00e9e \u00ab\u00a0\u00e2ge du fer\u00a0\u00bb, \u00e0 partir du 1er mill\u00e9naire avant J\u00e9sus Christ.<\/p>\n\n\n\n<p>Les calcaires de la can, lors de leur formation, ont par endroit \u00e9t\u00e9 plus ou moins charg\u00e9s en fer. Celui-ci est parfois rest\u00e9 dispers\u00e9, donnant alors une coloration rouge \u00e0 la roche (les calcaires rub\u00e9fi\u00e9s). Mais il s&rsquo;est parfois rassembl\u00e9 en \u00ab\u00a0nodules\u00a0\u00bb, sortes d&rsquo;agglom\u00e9rats d&rsquo;une taille comprise entre quelques millim\u00e8tres et quelques centim\u00e8tres de diam\u00e8tre, dont l&rsquo;aspect est tr\u00e8s diff\u00e9rent de celui des autres roches. Ils sont plut\u00f4t arrondis, de surface lisses, couleurs oscillant entre marron, noir et rouille. Ils p\u00e8sent tr\u00e8s lourd dans la main, t\u00e9moin de leur richesse en minerai. Leur aspect fait souvent penser \u00e0 des m\u00e9t\u00e9orites.<\/p>\n\n\n\n<p>Ces nodules peuvent s&rsquo;\u00eatre form\u00e9s \u00e0 deux \u00e9poques et selon deux processus chimiques relativement diff\u00e9rents :<\/p>\n\n\n\n<h3 class=\"wp-block-heading\">Formation en milieu anoxique pendant la diagen\u00e8se<\/h3>\n\n\n\n<p>La diagen\u00e8se est le processus de formation de la <strong>roche<\/strong>. Les calcaires de la can se sont pour l&rsquo;essentiel form\u00e9s durant le jurassique, c&rsquo;est \u00e0 dire entre &#8211; 200 et -130 millions d&rsquo;ann\u00e9es.<\/p>\n\n\n\n<p>Durant la diagen\u00e8se des calcaires, les d\u00e9bris calcaires provenant des squelettes des animaux aquatiques s&rsquo;accumulent au fond de l&rsquo;eau et restent tr\u00e8s longtemps sous forme d&rsquo;une sorte de boue tr\u00e8s dense, que l&rsquo;oxyg\u00e8ne de l&rsquo;air ne peut pas p\u00e9n\u00e9trer. Il peut s&rsquo;\u00e9couler des centaines de milliers d&rsquo;ann\u00e9es avant que cette boue ne se solidifie totalement et ne prenne son allure de roche, gr\u00e2ce \u00e0 la pression, \u00e0 l&rsquo;\u00e9vacuation de l&rsquo;eau, et \u00e0 diverses r\u00e9actions chimiques. Tant que la roche n&rsquo;est pas totalement form\u00e9e, le fer dispers\u00e9 dans le s\u00e9diment peut migrer et se regrouper en nodules. Etant maintenu \u00e0 l&rsquo;abri de l&rsquo;air il ne peut se combiner avec de l&rsquo;oxyg\u00e8ne.<\/p>\n\n\n\n<p>Lorsqu&rsquo;il existe du souffre, issu des d\u00e9bris de mati\u00e8re organique, le fer se combine avec, ce qui conduit donc \u00e0 la formation de nodules de sulfures de fer, comme la Pyrite (FeS<sub>2<\/sub>), ou la Marcassite. On trouve ces nodules dans les argiles ou les marnes bleues, d&rsquo;origine plus ancienne que les calcaires de la can (carbonif\u00e8re). Ce sont donc des formes inexistantes sur la can.<\/p>\n\n\n\n<h3 class=\"wp-block-heading\">Formation en milieu oxydant durant la p\u00e9dog\u00e9n\u00e8se<\/h3>\n\n\n\n<p>La p\u00e9dogen\u00e8se est le processus de formation des <strong>sols<\/strong>, c&rsquo;est \u00e0 dire de la couche mi min\u00e9rale mi organique qui recouvre la roche. La formation d&rsquo;un sol est un processus complexe et permanent : la roche sous-jacente se d\u00e9grade (sous l&rsquo;effet des diff\u00e9rents types d&rsquo;\u00e9rosions), les v\u00e9g\u00e9taux morts et les animaux apportent de la mati\u00e8re organique, le tout se m\u00e9lange et forme le sol. Pour compliquer la chose, il peut y avoir apport d&rsquo;\u00e9l\u00e9ments organiques et min\u00e9raux ext\u00e9rieurs, par des rivi\u00e8res, le vent&#8230;<\/p>\n\n\n\n<p>Sur les territoires qui nous int\u00e9ressent, la p\u00e9dog\u00e9n\u00e8se a \u00e9t\u00e9 tr\u00e8s active \u00e0 la fin du tertiaire. A cette \u00e9poque, le climat chaud et humide (proche du climat tropical actuel) a favoris\u00e9 une forte \u00e9rosion, avec production d&rsquo;argiles et de sables qui provenaient soit de la roche sous-jacente, soit \u00e9taient apport\u00e9s par les pal\u00e9o rivi\u00e8res. En certains endroits on a assist\u00e9 \u00e0 une p\u00e9dogen\u00e8se lat\u00e9ritique, avec formation de croutes de fer oxyd\u00e9. En d&rsquo;autres endroits, le fer contenu dans les s\u00e9diments a migr\u00e9 et s&rsquo;est rassembl\u00e9 en nodules du m\u00eame aspect ext\u00e9rieur que ceux qui se forment durant la diagen\u00e8se. Mais leur composition chimique est nettement diff\u00e9rente car ils se cr\u00e9ent dans des conditions oxydantes : les sols sont en effet, dans leur grande majorit\u00e9, perm\u00e9ables \u00e0 l&rsquo;air, et permettent au fer de se combiner avec l&rsquo;oxyg\u00e8ne pour donner ce qu&rsquo;on appelle des fers ferreux (avec un peu d&rsquo;oxyg\u00e8ne) ou du fer ferrique (avec beaucoup d&rsquo;oxyg\u00e8ne).<\/p>\n\n\n\n<p>Sur la can de l&rsquo;Hospitalet, la grande majorit\u00e9 des nodules sont constitu\u00e9s de fer ferrique (formule Fe<sub>2<\/sub>O<sub>3<\/sub>), et tout particuli\u00e8rement sous la forme de limonites. On en trouve en de tr\u00e8s nombreux endroits. A noter qu&rsquo;en principe il est interdit de ramasser des min\u00e9raux en zone c\u0153ur du Parc National des C\u00e9vennes<\/p>\n\n\n\n<p><\/p>\n\n\n\n<h3 class=\"wp-block-heading\">Les veines de fer<\/h3>\n\n\n\n<p>A noter que dans les calcaires de la can on trouve aussi des veines de fer.<\/p>\n\n\n\n<iframe loading=\"lazy\" src=\"https:\/\/www.reveeveille.net\/geoportail\/cartepublique.aspx?idecrit=196\" width=\"100%\" height=\"400\"><\/iframe>\n","protected":false},"excerpt":{"rendered":"<p>Les sols calcaires de la can de l&rsquo;Hospitalet sont relativement riches en fer. Ce fait est connu depuis tr\u00e8s longtemps puisqu&rsquo;on trouve, en de nombreux endroits du plateau, des vestiges&hellip; <\/p>\n","protected":false},"author":3,"featured_media":2081,"comment_status":"open","ping_status":"open","sticky":false,"template":"","format":"standard","meta":{"_monsterinsights_skip_tracking":false,"_monsterinsights_sitenote_active":false,"_monsterinsights_sitenote_note":"","_monsterinsights_sitenote_category":0,"footnotes":""},"categories":[104,76],"tags":[],"class_list":["post-1231","post","type-post","status-publish","format-standard","has-post-thumbnail","hentry","category-geologie","category-metallurgie-du-fer"],"_links":{"self":[{"href":"https:\/\/www.reveeveille.net\/candelhospitalet\/wp-json\/wp\/v2\/posts\/1231","targetHints":{"allow":["GET"]}}],"collection":[{"href":"https:\/\/www.reveeveille.net\/candelhospitalet\/wp-json\/wp\/v2\/posts"}],"about":[{"href":"https:\/\/www.reveeveille.net\/candelhospitalet\/wp-json\/wp\/v2\/types\/post"}],"author":[{"embeddable":true,"href":"https:\/\/www.reveeveille.net\/candelhospitalet\/wp-json\/wp\/v2\/users\/3"}],"replies":[{"embeddable":true,"href":"https:\/\/www.reveeveille.net\/candelhospitalet\/wp-json\/wp\/v2\/comments?post=1231"}],"version-history":[{"count":4,"href":"https:\/\/www.reveeveille.net\/candelhospitalet\/wp-json\/wp\/v2\/posts\/1231\/revisions"}],"predecessor-version":[{"id":3632,"href":"https:\/\/www.reveeveille.net\/candelhospitalet\/wp-json\/wp\/v2\/posts\/1231\/revisions\/3632"}],"wp:featuredmedia":[{"embeddable":true,"href":"https:\/\/www.reveeveille.net\/candelhospitalet\/wp-json\/wp\/v2\/media\/2081"}],"wp:attachment":[{"href":"https:\/\/www.reveeveille.net\/candelhospitalet\/wp-json\/wp\/v2\/media?parent=1231"}],"wp:term":[{"taxonomy":"category","embeddable":true,"href":"https:\/\/www.reveeveille.net\/candelhospitalet\/wp-json\/wp\/v2\/categories?post=1231"},{"taxonomy":"post_tag","embeddable":true,"href":"https:\/\/www.reveeveille.net\/candelhospitalet\/wp-json\/wp\/v2\/tags?post=1231"}],"curies":[{"name":"wp","href":"https:\/\/api.w.org\/{rel}","templated":true}]}}