{"id":1210,"date":"2024-04-01T08:47:36","date_gmt":"2024-04-01T08:47:36","guid":{"rendered":"https:\/\/www.reveeveille.net\/cevennevivante\/wordpress\/?p=1210"},"modified":"2024-04-01T08:48:27","modified_gmt":"2024-04-01T08:48:27","slug":"les-menhirs","status":"publish","type":"post","link":"https:\/\/www.reveeveille.net\/candelhospitalet\/les-menhirs\/","title":{"rendered":"Les menhirs de la can de l&rsquo;Hospitalet"},"content":{"rendered":"\n<p>Les menhirs sont des pierres artificiellement dress\u00e9es, probablement \u00e0 des fins symboliques ou cultuelles, par les peuples primitifs qui occupaient l&rsquo;Europe \u00e0 la <a href=\"https:\/\/www.reveeveille.net\/candelhospitalet\/?p=2477\">p\u00e9riode m\u00e9galithique<\/a>, .<\/p>\n\n\n\n<p>Ils peuvent \u00eatre constitu\u00e9s du m\u00eame mat\u00e9riau que la roche \u00e0 l&rsquo;endroit o\u00f9 il est \u00e9rig\u00e9, ou \u00eatre amen\u00e9s d&rsquo;ailleurs, et dans ce cas d&rsquo;une autre roche, parfois fort lointaine. Mais il est probable que le mat\u00e9riau est s\u00e9lectionn\u00e9 pour son grain, sa sonorit\u00e9, sa brillance&#8230;<\/p>\n\n\n\n<p>La taille des menhirs est tr\u00e8s variable selon les r\u00e9gions. En Bretagne les plus grands d\u00e9passent 10 m\u00e8tres, et on trouve quelques g\u00e9ants de plus de 20 m\u00e8tres. En C\u00e9vennes 4 m\u00e8tres font d\u00e9j\u00e0 un beau menhir, mais la plupart sont encore bien plus petits, souvent moins de 2 m\u00e8tres, \u00e0 tel point que leur identification en tant que menhirs a souvent \u00e9t\u00e9 tardive, surtout s&rsquo;ils \u00e9taient tomb\u00e9s. En 1905, un inventaire des m\u00e9galithes de Loz\u00e8re l&rsquo;en identifie que 14 (!) sur tout le d\u00e9partement, et place la Loz\u00e8re au 40\u00e8me rang national (<a href=\"https:\/\/www.reveeveille.net\/candelhospitalet\/?page_id=2627\">momel<\/a> p. 53), alors que l&rsquo;on en conna\u00eet aujourd&rsquo;hui plusieurs centaines et que le d\u00e9partement est remont\u00e9 dans les premiers de France !<\/p>\n\n\n<div class=\"wp-block-image\">\n<figure class=\"aligncenter\"><img decoding=\"async\" src=\"http:\/\/www.reveeveille.net\/photos\/2023\/1126_ruas_lozerette\/20231126_ruas_lozerette_03.jpg\" alt=\"\"\/><figcaption class=\"wp-element-caption\">Ceux-ci sont sur le Mont Loz\u00e8re<\/figcaption><\/figure>\n<\/div>\n\n\n<p>Beaucoup de menhirs loz\u00e9riens ont souvent \u00e9t\u00e9 volontairement ou involontairement renvers\u00e9s, car ils furent mis en terre \u00e0 faible profondeur, probablement \u00e0 cause de la nature caillouteuse du sol. Mais dans les derni\u00e8res ann\u00e9es, de tr\u00e8s nombreux d&rsquo;entre eux ont \u00e9t\u00e9 redress\u00e9s.<\/p>\n\n\n\n<p>La difficult\u00e9 d&rsquo;\u00e9riger des menhirs (extraction, mise en forme, halage, mise en place) indique selon toute probabilit\u00e9 une forte motivation de la part des individus qui ont pris en charge cette mission.&nbsp; Cela suppose en particulier de la r\u00e9flexion, avec programmation d&rsquo;une suite d&rsquo;op\u00e9rations et de techniques \u00e0 ma\u00eetriser selon un plan rigoureux. Seul un groupe suffisamment structur\u00e9, organis\u00e9 et disciplin\u00e9 pouvait concevoir et r\u00e9aliser ce tour de force.<\/p>\n\n\n\n<h3 class=\"wp-block-heading\">Sur la can de l&rsquo;Hospitalet<\/h3>\n\n\n\n<p>La can accueille un nombre relativement restreint de menhirs de petite taille, compar\u00e9s aux autres sites loz\u00e9riens. Bien qu&rsquo;ils soient impossibles \u00e0 dater avec pr\u00e9cision, on estime qu&rsquo;ils ont \u00e9t\u00e9 \u00e9rig\u00e9s par les m\u00eames groupes humains que ceux qui ont construit les <a href=\"https:\/\/www.reveeveille.net\/candelhospitalet\/?p=1665\">dolmens<\/a>, \u00e0 savoir, pour le territoire qui nous int\u00e9resse, le groupe des Treilles, entre -3000 et &#8211; 2000.<\/p>\n\n\n\n<p>Voici quelques menhirs particuli\u00e8rement caract\u00e9ristiques sur la can de l&rsquo;Hospitalet ou aux alentours :<\/p>\n\n\n\n<ul class=\"wp-block-list\">\n<li>Trois menhirs debout au nord-ouest de la ferme des Crottes (cote 1050) sur la Can, dans la commune de Bassurels<\/li>\n\n\n\n<li>Au sommet de la c\u00f4te qui monte du Pompidou, se dresse le menhir du Bout-de-la-c\u00f4te.&nbsp; Cette pierre, en partie retaill\u00e9e sur une face, a \u00e9t\u00e9 r\u00e9utilis\u00e9e en <a href=\"https:\/\/www.reveeveille.net\/candelhospitalet\/?p=1636\">montjoie<\/a>.<\/li>\n\n\n\n<li>Au col de Solp\u00e9ri\u00e8re, un menhir de 2m42 a lui aussi \u00e9t\u00e9 retaill\u00e9 \u00e0 une p\u00e9riode inconnue, peut-\u00eatre pour servir de Montjoie.<\/li>\n\n\n\n<li>Le menhir couch\u00e9 du Rey (commune de Saint-Laurent-de-Tr\u00e8ves), \u00e0 800 m au nord de la ferme, au pied de la <a href=\"https:\/\/www.reveeveille.net\/candelhospitalet\/?p=1737\">c\u00f4te 1034<\/a>, \u00e9tait long de 2,42 m. Visible de la draille, et proche de deux tumulus (servait-il \u00e0 en indiquer la pr\u00e9sence ?). Il a \u00e9t\u00e9 vol\u00e9 dans les ann\u00e9es 70.<\/li>\n\n\n\n<li>Entre le col du Rey et le col de Vache (pas encore trouv\u00e9 !)<\/li>\n\n\n\n<li>A Peyreficade, \u00e0 quelques centaines de m\u00e8tres au sud de <a href=\"https:\/\/www.reveeveille.net\/candelhospitalet\/?p=2229\">Peyre-Agude<\/a>, qui constitue la pointe sud ouest de la can de l&rsquo;Hospitalet, sur la cr\u00eate qui part vers le mont Aigoual.<\/li>\n<\/ul>\n\n\n\n<p>Attention, toutes les pierres plant\u00e9es visibles sur la can ne sont pas des menhirs ! Le long de la d\u00e9partementale, entre le col de Solp\u00e9ri\u00e8re et la descente du Pompidou, on aper\u00e7oit de loin en loin des <a href=\"https:\/\/www.reveeveille.net\/candelhospitalet\/?p=1636\">Montjoies<\/a>, pierres plant\u00e9es au XIX\u00e8me si\u00e8cle pour guider les voyageurs par temps de tourmente. Le long de la route du col du Rey \u00e0 Ferri\u00e8res, de nombreuses pierres ont \u00e9t\u00e9 dress\u00e9es par l&rsquo;agriculteur dans les ann\u00e9es 2010 pour&#8230; le plaisir des yeux ?<\/p>\n\n\n\n<figure class=\"wp-block-image is-resized\"><img decoding=\"async\" src=\"http:\/\/www.reveeveille.net\/photos\/2022\/1120_can_de_ferriere_can_noire\/20221120_can_de_ferriere_can_noire_09.jpg\" alt=\"\" style=\"width:840px;height:560px\"\/><figcaption class=\"wp-element-caption\">Les \u00ab\u00a0faux\u00a0\u00bb menhirs de la can de Saint-Laurent.<\/figcaption><\/figure>\n\n\n\n<p class=\"has-text-align-right\"><\/p>\n\n\n\n<iframe loading=\"lazy\" src=\"https:\/\/www.reveeveille.net\/geoportail\/cartepublique.aspx?idrubric=41\" width=\"100%\" height=\"400\"><\/iframe>\n","protected":false},"excerpt":{"rendered":"<p>Les menhirs sont des pierres artificiellement dress\u00e9es, probablement \u00e0 des fins symboliques ou cultuelles, par les peuples primitifs qui occupaient l&rsquo;Europe \u00e0 la p\u00e9riode m\u00e9galithique, . Ils peuvent \u00eatre constitu\u00e9s&hellip; <\/p>\n","protected":false},"author":3,"featured_media":1958,"comment_status":"open","ping_status":"open","sticky":false,"template":"","format":"standard","meta":{"_monsterinsights_skip_tracking":false,"_monsterinsights_sitenote_active":false,"_monsterinsights_sitenote_note":"","_monsterinsights_sitenote_category":0,"footnotes":""},"categories":[21,30],"tags":[],"class_list":["post-1210","post","type-post","status-publish","format-standard","has-post-thumbnail","hentry","category-cans-archeo","category-menhir"],"_links":{"self":[{"href":"https:\/\/www.reveeveille.net\/candelhospitalet\/wp-json\/wp\/v2\/posts\/1210","targetHints":{"allow":["GET"]}}],"collection":[{"href":"https:\/\/www.reveeveille.net\/candelhospitalet\/wp-json\/wp\/v2\/posts"}],"about":[{"href":"https:\/\/www.reveeveille.net\/candelhospitalet\/wp-json\/wp\/v2\/types\/post"}],"author":[{"embeddable":true,"href":"https:\/\/www.reveeveille.net\/candelhospitalet\/wp-json\/wp\/v2\/users\/3"}],"replies":[{"embeddable":true,"href":"https:\/\/www.reveeveille.net\/candelhospitalet\/wp-json\/wp\/v2\/comments?post=1210"}],"version-history":[{"count":10,"href":"https:\/\/www.reveeveille.net\/candelhospitalet\/wp-json\/wp\/v2\/posts\/1210\/revisions"}],"predecessor-version":[{"id":4085,"href":"https:\/\/www.reveeveille.net\/candelhospitalet\/wp-json\/wp\/v2\/posts\/1210\/revisions\/4085"}],"wp:featuredmedia":[{"embeddable":true,"href":"https:\/\/www.reveeveille.net\/candelhospitalet\/wp-json\/wp\/v2\/media\/1958"}],"wp:attachment":[{"href":"https:\/\/www.reveeveille.net\/candelhospitalet\/wp-json\/wp\/v2\/media?parent=1210"}],"wp:term":[{"taxonomy":"category","embeddable":true,"href":"https:\/\/www.reveeveille.net\/candelhospitalet\/wp-json\/wp\/v2\/categories?post=1210"},{"taxonomy":"post_tag","embeddable":true,"href":"https:\/\/www.reveeveille.net\/candelhospitalet\/wp-json\/wp\/v2\/tags?post=1210"}],"curies":[{"name":"wp","href":"https:\/\/api.w.org\/{rel}","templated":true}]}}