{"id":1189,"date":"2022-10-02T15:48:47","date_gmt":"2022-10-02T15:48:47","guid":{"rendered":"https:\/\/www.reveeveille.net\/cevennevivante\/wordpress\/?p=1189"},"modified":"2022-10-02T15:48:49","modified_gmt":"2022-10-02T15:48:49","slug":"histoire-des-paysages-de-la-can-de-lhospitalet","status":"publish","type":"post","link":"https:\/\/www.reveeveille.net\/candelhospitalet\/histoire-des-paysages-de-la-can-de-lhospitalet\/","title":{"rendered":"Histoire des paysages de la can de l&rsquo;Hospitalet"},"content":{"rendered":"\n<p>Nous disposons de peu d&rsquo;\u00e9l\u00e9ments pour d\u00e9crire pr\u00e9cis\u00e9ment l&rsquo;\u00e9volution des paysages de la can de l&rsquo;Hospitalet. Voici quelques g\u00e9n\u00e9ralit\u00e9s, qui devront \u00eatre compl\u00e9t\u00e9es et confirm\u00e9es&#8230;<\/p>\n\n\n\n<h3 class=\"wp-block-heading\">Avant l&rsquo;homme<\/h3>\n\n\n\n<p>Il y a une dizaine de millions d&rsquo;ann\u00e9es, la can ne s&rsquo;\u00e9tait pas encore individualis\u00e9e : elle \u00e9tait int\u00e9gr\u00e9s au vaste plateau qui correspond aujourd&rsquo;hui aux grands causses. Dans les 2 derniers millions d&rsquo;ann\u00e9es, les rivi\u00e8res ont creus\u00e9 les vall\u00e9es (Tarnon, Mimente, Brian\u00e7on&#8230;) et s\u00e9par\u00e9 la can des autres plateaux. Ce processus est toujours \u00e0 l\u2019\u0153uvre aujourd&rsquo;hui, mais il est quasiment invisible \u00e0 l&rsquo;\u00e9chelle de temps humaine, et il est probable que du point de vue du relief, la can a quasiment l&rsquo;aspect que nous lui connaissons aujourd&rsquo;hui depuis plusieurs dizaines, voire plusieurs centaines de milliers d&rsquo;ann\u00e9es.<\/p>\n\n\n\n<p>Dans les derniers mill\u00e9naires avant l&rsquo;installation humaine sur le plateau, comme le causse M\u00e9jean, la can devait \u00eatre bois\u00e9 de feuillus (ch\u00eanes ?), avec sans doute des clairi\u00e8res naturelles dues \u00e0 la pr\u00e9sence d&rsquo;herbivores sauvages (aurochs ? Bisons d&rsquo;Europe ?)<\/p>\n\n\n\n<h3 class=\"wp-block-heading\">Jusqu&rsquo;au moyen-\u00e2ge<\/h3>\n\n\n\n<p>L&rsquo;homme est encore rare, il n&rsquo;a que peu d&rsquo;influence sur le milieu. Des petites zones de la can sont sans doutes d\u00e9frich\u00e9es pour plusieurs raisons :<\/p>\n\n\n\n<ul class=\"wp-block-list\"><li>pour utiliser le bois (en particulier \u00e0 des fins de m\u00e9tallurgie, des vestiges de fonderies se trouvent par exemple sous le <a href=\"https:\/\/www.reveeveille.net\/candelhospitalet\/?p=2206\">serre de Montgros<\/a>).<\/li><li>pour mettre \u00e0 p\u00e2turer des troupeaux<\/li><li>pour faire un peu de culture dans les meilleurs terrains, en particulier dans les dolines, d\u00e9pressions dans lesquelles s&rsquo;accumule un peu de sol plus riche.<\/li><\/ul>\n\n\n<div class=\"wp-block-image\">\n<figure class=\"aligncenter\"><img decoding=\"async\" src=\"http:\/\/www.reveeveille.net\/photos\/2021\/1231_boucle_terre-rouge_pesquie_can_noire_hort_de_dieu\/20211231_boucle_terre-rouge_pesquie_can_noire_hort_de_dieu_11.jpg\" alt=\"\"\/><figcaption>Les prairies du Barret et et la montagne du Liron au fonds<\/figcaption><\/figure>\n<\/div>\n\n\n<h3 class=\"wp-block-heading\">Au moyen-\u00e2ge<\/h3>\n\n\n\n<p>Le moyen-\u00e2ge est manifestement une p\u00e9riode de d\u00e9frichements importants. Il est probable qu&rsquo;\u00e0 la fin de cette p\u00e9riode, la can est quasiment nue. La proportion de terres en culture est sans doute limit\u00e9e aux zones les plus fertiles (dolines), bien que des cultures extensives aient probablement exist\u00e9 sur des sones plus difficiles. L&rsquo;essentiel du territoire devait cependant \u00eatre d\u00e9di\u00e9 \u00e0 la p\u00e2ture extensive des troupeaux.<\/p>\n\n\n\n<h3 class=\"wp-block-heading\">A partir du XX\u00e8me si\u00e8cle<\/h3>\n\n\n\n<p>La can, terre pauvre, souffre particuli\u00e8rement de la d\u00e9prise agricole. La pression diminue sur le milieu, qui commence \u00e0 se rev\u00e9g\u00e9taliser de deux mani\u00e8res principales :<\/p>\n\n\n\n<ul class=\"wp-block-list\"><li>par la pousse spontan\u00e9e d&rsquo;arbustes (buis, gen\u00e9vrier&#8230;) qui rendent progressivement certaines portions de territoire difficilement p\u00e9n\u00e9trables.<\/li><li>par la plantation de r\u00e9sineux \u00e0 des fins de production de bois bon march\u00e9 (dans toute la partie situ\u00e9e au sud du col du Rey et autour du serre de Montgros)<\/li><\/ul>\n\n\n\n<p>Par contre, on constate la mise en culture de nouvelles terres qui sont progressivement regagn\u00e9es.<\/p>\n","protected":false},"excerpt":{"rendered":"<p>Nous disposons de peu d&rsquo;\u00e9l\u00e9ments pour d\u00e9crire pr\u00e9cis\u00e9ment l&rsquo;\u00e9volution des paysages de la can de l&rsquo;Hospitalet. Voici quelques g\u00e9n\u00e9ralit\u00e9s, qui devront \u00eatre compl\u00e9t\u00e9es et confirm\u00e9es&#8230; Avant l&rsquo;homme Il y a&hellip; <\/p>\n","protected":false},"author":3,"featured_media":2072,"comment_status":"open","ping_status":"open","sticky":false,"template":"","format":"standard","meta":{"_monsterinsights_skip_tracking":false,"_monsterinsights_sitenote_active":false,"_monsterinsights_sitenote_note":"","_monsterinsights_sitenote_category":0,"footnotes":""},"categories":[6,15],"tags":[],"class_list":["post-1189","post","type-post","status-publish","format-standard","has-post-thumbnail","hentry","category-histoire","category-nature"],"_links":{"self":[{"href":"https:\/\/www.reveeveille.net\/candelhospitalet\/wp-json\/wp\/v2\/posts\/1189","targetHints":{"allow":["GET"]}}],"collection":[{"href":"https:\/\/www.reveeveille.net\/candelhospitalet\/wp-json\/wp\/v2\/posts"}],"about":[{"href":"https:\/\/www.reveeveille.net\/candelhospitalet\/wp-json\/wp\/v2\/types\/post"}],"author":[{"embeddable":true,"href":"https:\/\/www.reveeveille.net\/candelhospitalet\/wp-json\/wp\/v2\/users\/3"}],"replies":[{"embeddable":true,"href":"https:\/\/www.reveeveille.net\/candelhospitalet\/wp-json\/wp\/v2\/comments?post=1189"}],"version-history":[{"count":4,"href":"https:\/\/www.reveeveille.net\/candelhospitalet\/wp-json\/wp\/v2\/posts\/1189\/revisions"}],"predecessor-version":[{"id":3888,"href":"https:\/\/www.reveeveille.net\/candelhospitalet\/wp-json\/wp\/v2\/posts\/1189\/revisions\/3888"}],"wp:featuredmedia":[{"embeddable":true,"href":"https:\/\/www.reveeveille.net\/candelhospitalet\/wp-json\/wp\/v2\/media\/2072"}],"wp:attachment":[{"href":"https:\/\/www.reveeveille.net\/candelhospitalet\/wp-json\/wp\/v2\/media?parent=1189"}],"wp:term":[{"taxonomy":"category","embeddable":true,"href":"https:\/\/www.reveeveille.net\/candelhospitalet\/wp-json\/wp\/v2\/categories?post=1189"},{"taxonomy":"post_tag","embeddable":true,"href":"https:\/\/www.reveeveille.net\/candelhospitalet\/wp-json\/wp\/v2\/tags?post=1189"}],"curies":[{"name":"wp","href":"https:\/\/api.w.org\/{rel}","templated":true}]}}